{"id":2539,"date":"2025-06-21T23:51:15","date_gmt":"2025-06-21T20:51:15","guid":{"rendered":"https:\/\/adanapostasi.com\/index.php\/2025\/06\/21\/izmir-kinikta-orman-yangini-mudahale-havadan-ve-karadan-suruyor\/"},"modified":"2025-06-21T23:51:16","modified_gmt":"2025-06-21T20:51:16","slug":"izmir-kinikta-orman-yangini-mudahale-havadan-ve-karadan-suruyor","status":"publish","type":"post","link":"https:\/\/adanapostasi.com\/index.php\/2025\/06\/21\/izmir-kinikta-orman-yangini-mudahale-havadan-ve-karadan-suruyor\/","title":{"rendered":"\u0130zmir K\u0131n\u0131k\u2019ta orman yang\u0131n\u0131: M\u00fcdahale havadan ve karadan s\u00fcr\u00fcyor"},"content":{"rendered":"<p><\/p>\n<div data-text-id=\"438351\" property=\"articleBody\">\n<div class=\"post-flash\">\n        <!--\n\n<h3 class=\"post-flash__title\">G&ouml;zden ka&ccedil;&#305;rmay&#305;n<\/h3>\n\n--><\/p>\n<div class=\"row g-0 align-items-center\">\n<div class=\"col-5 col-sm-3\"><\/div>\n<div class=\"col-7 col-sm-9\">\n<div class=\"post-flash-heading p-2\">\n<p>Cumhurba\u015fkan\u0131 Erdo\u011fan: \u0130srail b\u00f6lge bar\u0131\u015f\u0131 \u00f6n\u00fcndeki en b\u00fcy\u00fck engel<\/p>\n<p>\u0130\u00e7eri\u011fi G\u00f6r\u00fcnt\u00fcle <i class=\"fa fa-arrow-right ps-2\"\/><\/p>\n<\/p><\/div>\n<\/p><\/div>\n<\/p><\/div>\n<\/p><\/div>\n<p data-end=\"575\" data-start=\"380\">\u0130zmir\u2019in K\u0131n\u0131k il\u00e7esinde \u00f6\u011fle saatlerinde \u00e7\u0131kan orman yang\u0131n\u0131na havadan ve karadan yo\u011fun m\u00fcdahale ba\u015flat\u0131ld\u0131. Alevlerin yerle\u015fim alanlar\u0131na ula\u015fmamas\u0131 i\u00e7in ekipler seferber oldu.<\/p>\n<p data-end=\"826\" data-start=\"577\">Edinilen bilgiye g\u00f6re, <strong data-end=\"625\" data-start=\"600\">Hamzahocal\u0131 Mahallesi<\/strong> k\u0131rsal\u0131ndaki ormanl\u0131k alanda saat <strong data-end=\"669\" data-start=\"660\">13.30<\/strong> sular\u0131nda hen\u00fcz belirlenemeyen bir nedenle yang\u0131n \u00e7\u0131kt\u0131. B\u00f6lgeden y\u00fckselen yo\u011fun dumanlar\u0131 fark eden vatanda\u015flar, durumu 112 Acil \u00c7a\u011fr\u0131 Merkezi\u2019ne bildirdi.<\/p>\n<p data-end=\"1047\" data-start=\"828\">\u0130hbar \u00fczerine harekete ge\u00e7en <strong data-end=\"888\" data-start=\"857\">\u0130zmir Orman B\u00f6lge M\u00fcd\u00fcrl\u00fc\u011f\u00fc<\/strong>, yang\u0131na k\u0131sa s\u00fcrede m\u00fcdahale i\u00e7in <strong data-end=\"951\" data-start=\"924\">5 yang\u0131n s\u00f6nd\u00fcrme u\u00e7a\u011f\u0131<\/strong>, <strong data-end=\"969\" data-start=\"953\">7 helikopter<\/strong>, <strong data-end=\"984\" data-start=\"971\">28 araz\u00f6z<\/strong>, <strong data-end=\"1007\" data-start=\"986\">10 su ikmal arac\u0131<\/strong> ve <strong data-end=\"1036\" data-start=\"1011\">3 i\u015f makinesi (dozer)<\/strong> sevk etti.<\/p>\n<\/p><\/div>\n","protected":false},"excerpt":{"rendered":"<p>Cumhurba\u015fkan\u0131 Erdo\u011fan: \u0130srail b\u00f6lge bar\u0131\u015f\u0131 \u00f6n\u00fcndeki en b\u00fcy\u00fck engel \u0130\u00e7eri\u011fi G\u00f6r\u00fcnt\u00fcle \u0130zmir\u2019in K\u0131n\u0131k il\u00e7esinde \u00f6\u011fle saatlerinde \u00e7\u0131kan orman yang\u0131n\u0131na havadan ve karadan yo\u011fun m\u00fcdahale ba\u015flat\u0131ld\u0131. Alevlerin yerle\u015fim alanlar\u0131na ula\u015fmamas\u0131 i\u00e7in ekipler seferber oldu. Edinilen bilgiye g\u00f6re, Hamzahocal\u0131 Mahallesi k\u0131rsal\u0131ndaki ormanl\u0131k alanda saat 13.30 sular\u0131nda hen\u00fcz belirlenemeyen bir nedenle yang\u0131n \u00e7\u0131kt\u0131. B\u00f6lgeden y\u00fckselen yo\u011fun dumanlar\u0131 fark [&hellip;]<\/p>\n","protected":false},"author":1,"featured_media":2540,"comment_status":"open","ping_status":"open","sticky":false,"template":"","format":"standard","meta":{"footnotes":""},"categories":[4],"tags":[],"class_list":["post-2539","post","type-post","status-publish","format-standard","has-post-thumbnail","hentry","category-gundem"],"_links":{"self":[{"href":"https:\/\/adanapostasi.com\/index.php\/wp-json\/wp\/v2\/posts\/2539","targetHints":{"allow":["GET"]}}],"collection":[{"href":"https:\/\/adanapostasi.com\/index.php\/wp-json\/wp\/v2\/posts"}],"about":[{"href":"https:\/\/adanapostasi.com\/index.php\/wp-json\/wp\/v2\/types\/post"}],"author":[{"embeddable":true,"href":"https:\/\/adanapostasi.com\/index.php\/wp-json\/wp\/v2\/users\/1"}],"replies":[{"embeddable":true,"href":"https:\/\/adanapostasi.com\/index.php\/wp-json\/wp\/v2\/comments?post=2539"}],"version-history":[{"count":1,"href":"https:\/\/adanapostasi.com\/index.php\/wp-json\/wp\/v2\/posts\/2539\/revisions"}],"predecessor-version":[{"id":2541,"href":"https:\/\/adanapostasi.com\/index.php\/wp-json\/wp\/v2\/posts\/2539\/revisions\/2541"}],"wp:featuredmedia":[{"embeddable":true,"href":"https:\/\/adanapostasi.com\/index.php\/wp-json\/wp\/v2\/media\/2540"}],"wp:attachment":[{"href":"https:\/\/adanapostasi.com\/index.php\/wp-json\/wp\/v2\/media?parent=2539"}],"wp:term":[{"taxonomy":"category","embeddable":true,"href":"https:\/\/adanapostasi.com\/index.php\/wp-json\/wp\/v2\/categories?post=2539"},{"taxonomy":"post_tag","embeddable":true,"href":"https:\/\/adanapostasi.com\/index.php\/wp-json\/wp\/v2\/tags?post=2539"}],"curies":[{"name":"wp","href":"https:\/\/api.w.org\/{rel}","templated":true}]}}