{"id":2814,"date":"2025-06-23T14:39:39","date_gmt":"2025-06-23T11:39:39","guid":{"rendered":"https:\/\/adanapostasi.com\/index.php\/2025\/06\/23\/turkiye-turizmde-dunya-dorduncusu-oldu\/"},"modified":"2025-06-23T14:39:40","modified_gmt":"2025-06-23T11:39:40","slug":"turkiye-turizmde-dunya-dorduncusu-oldu","status":"publish","type":"post","link":"https:\/\/adanapostasi.com\/index.php\/2025\/06\/23\/turkiye-turizmde-dunya-dorduncusu-oldu\/","title":{"rendered":"T\u00fcrkiye turizmde d\u00fcnya d\u00f6rd\u00fcnc\u00fcs\u00fc oldu"},"content":{"rendered":"<p><\/p>\n<div data-text-id=\"438519\" property=\"articleBody\">\n<div class=\"post-flash\">\n        <!--\n\n<h3 class=\"post-flash__title\">G&ouml;zden ka&ccedil;&#305;rmay&#305;n<\/h3>\n\n--><\/p>\n<div class=\"row g-0 align-items-center\">\n<div class=\"col-5 col-sm-3\"><\/div>\n<div class=\"col-7 col-sm-9\">\n<div class=\"post-flash-heading p-2\">\n<p>T\u00fcrkiye&#8217;de anne \u00f6l\u00fcm oran\u0131 en d\u00fc\u015f\u00fck seviyesinde<\/p>\n<p>\u0130\u00e7eri\u011fi G\u00f6r\u00fcnt\u00fcle <i class=\"fa fa-arrow-right ps-2\"\/><\/p>\n<\/p><\/div>\n<\/p><\/div>\n<\/p><\/div>\n<\/p><\/div>\n<p>T\u00fcrkiye, 2024 y\u0131l\u0131nda g\u00f6sterdi\u011fi performansla k\u00fcresel turizm s\u0131ralamas\u0131nda bir basamak daha y\u00fckseldi. Birle\u015fmi\u015f Milletler D\u00fcnya Turizm \u00d6rg\u00fct\u00fc\u2019n\u00fcn (UNWTO) May\u0131s 2025\u2019te yay\u0131mlad\u0131\u011f\u0131 <strong>D\u00fcnya Turizm Barometresi<\/strong> verilerine g\u00f6re, T\u00fcrkiye 2024\u2019te <strong>56,7 milyon yabanc\u0131 ziyaret\u00e7i<\/strong> a\u011f\u0131rlayarak d\u00fcnyada en \u00e7ok turist \u00e7eken <strong>4. \u00fclke<\/strong> oldu.<\/p>\n<p>UNWTO verilerine g\u00f6re ilk be\u015f s\u0131rada yer alan \u00fclkeler \u015f\u00f6yle s\u0131raland\u0131:<\/p>\n<ol>&#13;<\/p>\n<li>&#13;\n<p><strong>Fransa<\/strong><\/p>\n<p>&#13;\n <\/li>\n<p>&#13;<\/p>\n<li>&#13;\n<p><strong>\u0130spanya<\/strong><\/p>\n<p>&#13;\n <\/li>\n<p>&#13;<\/p>\n<li>&#13;\n<p><strong>ABD<\/strong><\/p>\n<p>&#13;\n <\/li>\n<p>&#13;<\/p>\n<li>&#13;\n<p><strong>T\u00fcrkiye<\/strong><\/p>\n<p>&#13;\n <\/li>\n<p>&#13;<\/p>\n<li>&#13;\n<p><strong>\u0130talya<\/strong><\/p>\n<p>&#13;\n <\/li>\n<p>&#13;\n<\/ol>\n<p>K\u00fclt\u00fcr ve Turizm Bakan\u0131 <strong>Mehmet Nuri Ersoy<\/strong>, sosyal medya hesab\u0131ndan yapt\u0131\u011f\u0131 a\u00e7\u0131klamada, T\u00fcrkiye\u2019nin bu ba\u015far\u0131s\u0131n\u0131n s\u00fcrd\u00fcr\u00fclebilir bir turizm vizyonunun sonucu oldu\u011funu ifade etti. T\u00fcrkiye\u2019nin bir \u00f6nceki y\u0131l 5. s\u0131rada yer ald\u0131\u011f\u0131n\u0131 hat\u0131rlatan Ersoy, 2024 y\u0131l\u0131nda toplam ziyaret\u00e7i say\u0131s\u0131n\u0131n ise <strong>62,3 milyona<\/strong> ula\u015ft\u0131\u011f\u0131n\u0131 belirtti.<\/p>\n<h2><strong>&#8220;T\u00fcrkiye art\u0131k \u00f6rnek al\u0131nan bir turizm \u00fclkesi&#8221;<\/strong><\/h2>\n<p>Bakan Ersoy a\u00e7\u0131klamas\u0131nda \u015fu de\u011ferlendirmelere yer verdi:<\/p>\n<blockquote><p>&#13;<\/p>\n<p>\u201cBu b\u00fcy\u00fck ba\u015far\u0131; k\u00fclt\u00fcrel zenginli\u011fimizin, tarihi miras\u0131m\u0131z\u0131n etkili tan\u0131t\u0131m\u0131n\u0131n, g\u00fc\u00e7l\u00fc altyap\u0131m\u0131z\u0131n ve d\u00f6rt mevsime yay\u0131lan turizm \u00e7e\u015fitlili\u011fimizin bir sonucudur. T\u00fcrkiye art\u0131k sadece izlenen de\u011fil, \u00f6rnek al\u0131nan bir turizm \u00fclkesi konumundad\u0131r.\u201d<\/p>\n<p>&#13;\n<\/p><\/blockquote><\/div>\n","protected":false},"excerpt":{"rendered":"<p>T\u00fcrkiye&#8217;de anne \u00f6l\u00fcm oran\u0131 en d\u00fc\u015f\u00fck seviyesinde \u0130\u00e7eri\u011fi G\u00f6r\u00fcnt\u00fcle T\u00fcrkiye, 2024 y\u0131l\u0131nda g\u00f6sterdi\u011fi performansla k\u00fcresel turizm s\u0131ralamas\u0131nda bir basamak daha y\u00fckseldi. Birle\u015fmi\u015f Milletler D\u00fcnya Turizm \u00d6rg\u00fct\u00fc\u2019n\u00fcn (UNWTO) May\u0131s 2025\u2019te yay\u0131mlad\u0131\u011f\u0131 D\u00fcnya Turizm Barometresi verilerine g\u00f6re, T\u00fcrkiye 2024\u2019te 56,7 milyon yabanc\u0131 ziyaret\u00e7i a\u011f\u0131rlayarak d\u00fcnyada en \u00e7ok turist \u00e7eken 4. \u00fclke oldu. UNWTO verilerine g\u00f6re ilk be\u015f [&hellip;]<\/p>\n","protected":false},"author":1,"featured_media":2815,"comment_status":"open","ping_status":"open","sticky":false,"template":"","format":"standard","meta":{"footnotes":""},"categories":[4],"tags":[],"class_list":["post-2814","post","type-post","status-publish","format-standard","has-post-thumbnail","hentry","category-gundem"],"_links":{"self":[{"href":"https:\/\/adanapostasi.com\/index.php\/wp-json\/wp\/v2\/posts\/2814","targetHints":{"allow":["GET"]}}],"collection":[{"href":"https:\/\/adanapostasi.com\/index.php\/wp-json\/wp\/v2\/posts"}],"about":[{"href":"https:\/\/adanapostasi.com\/index.php\/wp-json\/wp\/v2\/types\/post"}],"author":[{"embeddable":true,"href":"https:\/\/adanapostasi.com\/index.php\/wp-json\/wp\/v2\/users\/1"}],"replies":[{"embeddable":true,"href":"https:\/\/adanapostasi.com\/index.php\/wp-json\/wp\/v2\/comments?post=2814"}],"version-history":[{"count":1,"href":"https:\/\/adanapostasi.com\/index.php\/wp-json\/wp\/v2\/posts\/2814\/revisions"}],"predecessor-version":[{"id":2816,"href":"https:\/\/adanapostasi.com\/index.php\/wp-json\/wp\/v2\/posts\/2814\/revisions\/2816"}],"wp:featuredmedia":[{"embeddable":true,"href":"https:\/\/adanapostasi.com\/index.php\/wp-json\/wp\/v2\/media\/2815"}],"wp:attachment":[{"href":"https:\/\/adanapostasi.com\/index.php\/wp-json\/wp\/v2\/media?parent=2814"}],"wp:term":[{"taxonomy":"category","embeddable":true,"href":"https:\/\/adanapostasi.com\/index.php\/wp-json\/wp\/v2\/categories?post=2814"},{"taxonomy":"post_tag","embeddable":true,"href":"https:\/\/adanapostasi.com\/index.php\/wp-json\/wp\/v2\/tags?post=2814"}],"curies":[{"name":"wp","href":"https:\/\/api.w.org\/{rel}","templated":true}]}}