{"id":3289,"date":"2025-06-30T13:32:06","date_gmt":"2025-06-30T10:32:06","guid":{"rendered":"https:\/\/adanapostasi.com\/index.php\/2025\/06\/30\/cumhurbaskani-erdogandan-enflasyon-aciklamasi-son-35-yilin-en-dusuk-seviyesinde\/"},"modified":"2025-06-30T13:32:07","modified_gmt":"2025-06-30T10:32:07","slug":"cumhurbaskani-erdogandan-enflasyon-aciklamasi-son-35-yilin-en-dusuk-seviyesinde","status":"publish","type":"post","link":"https:\/\/adanapostasi.com\/index.php\/2025\/06\/30\/cumhurbaskani-erdogandan-enflasyon-aciklamasi-son-35-yilin-en-dusuk-seviyesinde\/","title":{"rendered":"Cumhurba\u015fkan\u0131 Erdo\u011fan&#039;dan enflasyon a\u00e7\u0131klamas\u0131: Son 3,5 y\u0131l\u0131n en d\u00fc\u015f\u00fck seviyesinde"},"content":{"rendered":"<p>ANKARA<\/p>\n<p>Erdo\u011fan, \u201cPop\u00fclist politikalara tevess\u00fcl etmedik, milletimize bedel \u00f6detmedik. Son \u00fc\u00e7 ayda ya\u015fanan her t\u00fcrl\u00fc \u015foka ra\u011fmen ekonomi program\u0131m\u0131z g\u00fcven tazeledi. Risk primimiz d\u00fc\u015f\u00fcyor, TL\u2019ye g\u00fcven art\u0131yor. Enflasyonla m\u00fccadelede tavizsiz duru\u015fumuzu s\u00fcrd\u00fcr\u00fcyoruz. Y\u0131l sonunda enflasyonda 20\u2019li rakamlar\u0131 g\u00f6rmeyi hedefliyoruz.\u201d dedi.<\/p>\n<p>&#8220;\u0130hracat hedefimiz 50 milyar dolar&#8221;<\/p>\n<p>Erdo\u011fan, 2028 y\u0131l\u0131na kadar uzak \u00fclkelere ihracat\u0131 50 milyar dolara \u00e7\u0131karmay\u0131 hedeflediklerini s\u00f6yledi. 2025 y\u0131l\u0131 i\u00e7in ihracat\u00e7\u0131lara y\u00f6nelik 33 milyar liral\u0131k destek b\u00fct\u00e7esinin firmalar\u0131n kullan\u0131m\u0131na sunuldu\u011funu da duyurdu.<\/p>\n<p>&#8220;19 \u00e7eyrek kesintisiz b\u00fcy\u00fcme&#8221;<\/p>\n<p>T\u00fcrkiye ekonomisinin 2025 y\u0131l\u0131n\u0131n ilk \u00e7eyre\u011finde %2 b\u00fcy\u00fcme kaydetti\u011fini hat\u0131rlatan Erdo\u011fan, \u201cSon 19 \u00e7eyrektir kesintisiz b\u00fcy\u00fcmeyi s\u00fcrd\u00fcr\u00fcyoruz. Hedeflerimizden kopmad\u0131k. T\u00fcrkiye Y\u00fczy\u0131l\u0131 hedefimizi ad\u0131m ad\u0131m hayata ge\u00e7iriyoruz.\u201d ifadelerini kulland\u0131.<\/p>\n<p>&#8220;\u0130\u015fimiz \u00fcretmek, g\u00fcc\u00fcm\u00fcz ihracat&#8221;<\/p>\n<p>T\u0130M \u00fcyelerine hitaben yapt\u0131\u011f\u0131 konu\u015fmada Erdo\u011fan, ihracat\u00e7\u0131lar\u0131n stratejik rol\u00fcne vurgu yapt\u0131: \u201c\u0130hracat\u0131n \u015fampiyonlar\u0131 olarak sizler, T\u00fcrkiye&#8217;nin \u00fcretim ve b\u00fcy\u00fcme hik\u00e2yesinin ba\u015frol oyuncususunuz. Al\u0131n terinizi ak\u0131l ve vizyonla yo\u011furuyorsunuz.\u201d<\/p>\n<p>Konu\u015fmas\u0131nda savunma sanayiine de de\u011finen Erdo\u011fan, \u201cD\u00fcnyada sat\u0131lan her 3 \u0130HA\u2019dan 2\u2019sini T\u00fcrkiye \u00fcretiyor. KAAN sava\u015f u\u00e7a\u011f\u0131na olan ilginin daha da artaca\u011f\u0131n\u0131 g\u00f6rece\u011fiz. Z\u0131rhl\u0131 kara ara\u00e7lar\u0131nda k\u00fcresel marka olduk.\u201d dedi.<\/p>\n<p>&#8220;K\u00fcresel riskler kar\u015f\u0131s\u0131nda i\u015fi \u015fansa b\u0131rakm\u0131yoruz&#8221;<\/p>\n<p>Erdo\u011fan, pandemi sonras\u0131 de\u011fi\u015fen k\u00fcresel dengelere i\u015faret ederek, \u201cD\u00fcnyada ticaret sava\u015flar\u0131, korumac\u0131l\u0131k ve belirsizlikler art\u0131yor. T\u00fcrkiye olarak i\u015fi \u015fansa b\u0131rakm\u0131yor, her senaryoya haz\u0131rl\u0131k yap\u0131yoruz.\u201d de\u011ferlendirmesinde bulundu.<\/p>\n","protected":false},"excerpt":{"rendered":"<p>ANKARA Erdo\u011fan, \u201cPop\u00fclist politikalara tevess\u00fcl etmedik, milletimize bedel \u00f6detmedik. Son \u00fc\u00e7 ayda ya\u015fanan her t\u00fcrl\u00fc \u015foka ra\u011fmen ekonomi program\u0131m\u0131z g\u00fcven tazeledi. Risk primimiz d\u00fc\u015f\u00fcyor, TL\u2019ye g\u00fcven art\u0131yor. Enflasyonla m\u00fccadelede tavizsiz duru\u015fumuzu s\u00fcrd\u00fcr\u00fcyoruz. Y\u0131l sonunda enflasyonda 20\u2019li rakamlar\u0131 g\u00f6rmeyi hedefliyoruz.\u201d dedi. &#8220;\u0130hracat hedefimiz 50 milyar dolar&#8221; Erdo\u011fan, 2028 y\u0131l\u0131na kadar uzak \u00fclkelere ihracat\u0131 50 milyar dolara [&hellip;]<\/p>\n","protected":false},"author":1,"featured_media":2795,"comment_status":"open","ping_status":"open","sticky":false,"template":"","format":"standard","meta":{"footnotes":""},"categories":[4],"tags":[],"class_list":["post-3289","post","type-post","status-publish","format-standard","has-post-thumbnail","hentry","category-gundem"],"_links":{"self":[{"href":"https:\/\/adanapostasi.com\/index.php\/wp-json\/wp\/v2\/posts\/3289","targetHints":{"allow":["GET"]}}],"collection":[{"href":"https:\/\/adanapostasi.com\/index.php\/wp-json\/wp\/v2\/posts"}],"about":[{"href":"https:\/\/adanapostasi.com\/index.php\/wp-json\/wp\/v2\/types\/post"}],"author":[{"embeddable":true,"href":"https:\/\/adanapostasi.com\/index.php\/wp-json\/wp\/v2\/users\/1"}],"replies":[{"embeddable":true,"href":"https:\/\/adanapostasi.com\/index.php\/wp-json\/wp\/v2\/comments?post=3289"}],"version-history":[{"count":1,"href":"https:\/\/adanapostasi.com\/index.php\/wp-json\/wp\/v2\/posts\/3289\/revisions"}],"predecessor-version":[{"id":3290,"href":"https:\/\/adanapostasi.com\/index.php\/wp-json\/wp\/v2\/posts\/3289\/revisions\/3290"}],"wp:featuredmedia":[{"embeddable":true,"href":"https:\/\/adanapostasi.com\/index.php\/wp-json\/wp\/v2\/media\/2795"}],"wp:attachment":[{"href":"https:\/\/adanapostasi.com\/index.php\/wp-json\/wp\/v2\/media?parent=3289"}],"wp:term":[{"taxonomy":"category","embeddable":true,"href":"https:\/\/adanapostasi.com\/index.php\/wp-json\/wp\/v2\/categories?post=3289"},{"taxonomy":"post_tag","embeddable":true,"href":"https:\/\/adanapostasi.com\/index.php\/wp-json\/wp\/v2\/tags?post=3289"}],"curies":[{"name":"wp","href":"https:\/\/api.w.org\/{rel}","templated":true}]}}