{"id":3389,"date":"2025-07-01T16:05:17","date_gmt":"2025-07-01T13:05:17","guid":{"rendered":"https:\/\/adanapostasi.com\/index.php\/2025\/07\/01\/cumhurbaskani-erdogan-ak-parti-kadrolari-olarak-kavga-edenlerden-degiliz\/"},"modified":"2025-07-01T16:05:17","modified_gmt":"2025-07-01T13:05:17","slug":"cumhurbaskani-erdogan-ak-parti-kadrolari-olarak-kavga-edenlerden-degiliz","status":"publish","type":"post","link":"https:\/\/adanapostasi.com\/index.php\/2025\/07\/01\/cumhurbaskani-erdogan-ak-parti-kadrolari-olarak-kavga-edenlerden-degiliz\/","title":{"rendered":"Cumhurba\u015fkan\u0131 Erdo\u011fan: AK Parti kadrolar\u0131 olarak kavga edenlerden de\u011filiz"},"content":{"rendered":"<p>ANKARA<\/p>\n<p>Cumhurba\u015fkan\u0131 Erdo\u011fan, Geni\u015fletilmi\u015f \u0130l Ba\u015fkanlar\u0131 Toplant\u0131s\u0131&#8217;nda g\u00fcndeme dair a\u00e7\u0131klamalarda bulunuyor. Erdo\u011fan&#8217;\u0131n konu\u015fmas\u0131ndan \u00f6ne \u00e7\u0131kan sat\u0131r ba\u015fl\u0131klar\u0131 \u015fu \u015fekilde:<\/p>\n<p>Ayr\u0131nt\u0131lar geliyor&#8230;<\/p>\n","protected":false},"excerpt":{"rendered":"<p>ANKARA Cumhurba\u015fkan\u0131 Erdo\u011fan, Geni\u015fletilmi\u015f \u0130l Ba\u015fkanlar\u0131 Toplant\u0131s\u0131&#8217;nda g\u00fcndeme dair a\u00e7\u0131klamalarda bulunuyor. Erdo\u011fan&#8217;\u0131n konu\u015fmas\u0131ndan \u00f6ne \u00e7\u0131kan sat\u0131r ba\u015fl\u0131klar\u0131 \u015fu \u015fekilde: Ayr\u0131nt\u0131lar geliyor&#8230;<\/p>\n","protected":false},"author":1,"featured_media":2795,"comment_status":"open","ping_status":"open","sticky":false,"template":"","format":"standard","meta":{"footnotes":""},"categories":[4],"tags":[],"class_list":["post-3389","post","type-post","status-publish","format-standard","has-post-thumbnail","hentry","category-gundem"],"_links":{"self":[{"href":"https:\/\/adanapostasi.com\/index.php\/wp-json\/wp\/v2\/posts\/3389","targetHints":{"allow":["GET"]}}],"collection":[{"href":"https:\/\/adanapostasi.com\/index.php\/wp-json\/wp\/v2\/posts"}],"about":[{"href":"https:\/\/adanapostasi.com\/index.php\/wp-json\/wp\/v2\/types\/post"}],"author":[{"embeddable":true,"href":"https:\/\/adanapostasi.com\/index.php\/wp-json\/wp\/v2\/users\/1"}],"replies":[{"embeddable":true,"href":"https:\/\/adanapostasi.com\/index.php\/wp-json\/wp\/v2\/comments?post=3389"}],"version-history":[{"count":1,"href":"https:\/\/adanapostasi.com\/index.php\/wp-json\/wp\/v2\/posts\/3389\/revisions"}],"predecessor-version":[{"id":3390,"href":"https:\/\/adanapostasi.com\/index.php\/wp-json\/wp\/v2\/posts\/3389\/revisions\/3390"}],"wp:featuredmedia":[{"embeddable":true,"href":"https:\/\/adanapostasi.com\/index.php\/wp-json\/wp\/v2\/media\/2795"}],"wp:attachment":[{"href":"https:\/\/adanapostasi.com\/index.php\/wp-json\/wp\/v2\/media?parent=3389"}],"wp:term":[{"taxonomy":"category","embeddable":true,"href":"https:\/\/adanapostasi.com\/index.php\/wp-json\/wp\/v2\/categories?post=3389"},{"taxonomy":"post_tag","embeddable":true,"href":"https:\/\/adanapostasi.com\/index.php\/wp-json\/wp\/v2\/tags?post=3389"}],"curies":[{"name":"wp","href":"https:\/\/api.w.org\/{rel}","templated":true}]}}