{"id":4351,"date":"2025-08-25T23:36:31","date_gmt":"2025-08-25T20:36:31","guid":{"rendered":"https:\/\/adanapostasi.com\/index.php\/2025\/08\/25\/cumhurbaskani-erdogan-terorsuz-turkiyede-son-asamadayiz\/"},"modified":"2025-08-25T23:36:32","modified_gmt":"2025-08-25T20:36:32","slug":"cumhurbaskani-erdogan-terorsuz-turkiyede-son-asamadayiz","status":"publish","type":"post","link":"https:\/\/adanapostasi.com\/index.php\/2025\/08\/25\/cumhurbaskani-erdogan-terorsuz-turkiyede-son-asamadayiz\/","title":{"rendered":"Cumhurba\u015fkan\u0131 Erdo\u011fan: Ter\u00f6rs\u00fcz T\u00fcrkiye\u2019de son a\u015famaday\u0131z"},"content":{"rendered":"<p><\/p>\n<div data-text-id=\"443053\" property=\"articleBody\">\n<p>Cumhurba\u015fkan\u0131 Recep Tayyip Erdo\u011fan, Malazgirt Zaferi\u2019nin 954\u2019\u00fcnc\u00fc y\u0131l\u0131 dolay\u0131s\u0131yla Ahlat\u2019ta d\u00fczenlenen etkinlikte konu\u015ftu. Erdo\u011fan, Ahlat\u2019\u0131n T\u00fcrk milleti i\u00e7in simgesel bir \u00f6neme sahip oldu\u011funu vurgulayarak, \u201cAhlat, bu topraklardaki ezeli ve ebedi mevcudiyetimizin simgesidir. T\u00fcrk milleti i\u00e7in Ahlat, K\u0131z\u0131lelma\u2019n\u0131n anahtar\u0131d\u0131r\u201d ifadelerini kulland\u0131.<\/p>\n<h2><strong>\u201cKarde\u015fli\u011fimizi per\u00e7inleyece\u011fiz\u201d<\/strong><\/h2>\n<p>T\u00fcrk, K\u00fcrt ve Araplar\u0131n birlik ruhuna dikkat \u00e7eken Erdo\u011fan, \u201cYedi d\u00fcvele diz \u00e7\u00f6kt\u00fcrd\u00fc\u011f\u00fcm\u00fcz Milli M\u00fccadele, t\u00fcm imk\u00e2ns\u0131zl\u0131klara ra\u011fmen yine bu ruhla zafere ula\u015fm\u0131\u015ft\u0131r. Saflar\u0131m\u0131z\u0131 s\u0131kla\u015ft\u0131raca\u011f\u0131z, karde\u015fli\u011fimizi per\u00e7inleyece\u011fiz, kavlimizi tazeleyece\u011fiz. Birlik ve beraberli\u011fimizi hedef alan t\u00fcm sald\u0131r\u0131lar\u0131 omuz omuza vererek p\u00fcsk\u00fcrtece\u011fiz\u201d dedi.<\/p>\n<p>Erdo\u011fan, T\u00fcrkiye\u2019nin gelece\u011fine ili\u015fkin mesajlar da vererek, \u201c\u015eehit ve gazilerimizin emanetini yere d\u00fc\u015f\u00fcrmeden huzurun, s\u00fck\u00fbnun ve muhabbetin merkezinde oldu\u011fu bir T\u00fcrkiye\u2019yi hep birlikte in\u015fa edece\u011fiz. \u00c7ok daha m\u00fcreffeh bir \u00fclke i\u00e7in \u00e7\u0131kt\u0131\u011f\u0131m\u0131z bu yolda kimsenin oyununa gelmeyecek, tuzaklara d\u00fc\u015fmeyece\u011fiz\u201d diye konu\u015ftu.<\/p>\n<div class=\"post-flash\">\n        <!--\n\n<h3 class=\"post-flash__title\">G&ouml;zden ka&ccedil;&#305;rmay&#305;n<\/h3>\n\n--><\/p>\n<div class=\"row g-0 align-items-center\">\n<div class=\"col-5 col-sm-3\"><\/div>\n<div class=\"col-7 col-sm-9\">\n<div class=\"post-flash-heading p-2\">\n<p>Milli Dayan\u0131\u015fma ve Karde\u015flik Komisyonu\u2019nu Eski TBMM Ba\u015fkanlar\u0131 ve Baro Ba\u015fkanlar\u0131n\u0131 g\u00f6r\u00fc\u015fme yapacak<\/p>\n<\/p><\/div>\n<\/p><\/div>\n<\/p><\/div>\n<\/p><\/div>\n<p>Ter\u00f6rs\u00fcz T\u00fcrkiye vizyonuna de\u011finen Cumhurba\u015fkan\u0131 Erdo\u011fan, \u201cHas\u0131mlar\u0131m\u0131z\u0131 rahats\u0131z eden Ter\u00f6rs\u00fcz T\u00fcrkiye menziline do\u011fru kararl\u0131 ad\u0131mlarla y\u00fcr\u00fcmeye devam edece\u011fiz. Son d\u00fczl\u00fc\u011fe varm\u0131\u015f bulunuyoruz. Biraz daha sab\u0131r, gayret ve dikkatle bu d\u00fczl\u00fc\u011f\u00fc de a\u015facak, hedefimize ula\u015faca\u011f\u0131z\u201d ifadelerini kulland\u0131.<\/p>\n<h2><strong>Erdo\u011fan ve Bah\u00e7eli Ahlat\u2019ta<\/strong><\/h2>\n<p>Cumhurba\u015fkan\u0131 Erdo\u011fan, konu\u015fmas\u0131n\u0131n ard\u0131ndan MHP Genel Ba\u015fkan\u0131 Devlet Bah\u00e7eli ile birlikte UNESCO D\u00fcnya K\u00fclt\u00fcr Miras\u0131 Ge\u00e7ici Listesi\u2019nde yer alan Sel\u00e7uklu Meydan Mezarl\u0131\u011f\u0131\u2019n\u0131 ziyaret etti.<\/p>\n<p>Daha sonra Erdo\u011fan, Bah\u00e7eli\u2019yi Bitlis Ahlat\u2019ta in\u015fa edilen Emir Bay\u0131nd\u0131r Yerle\u015fkesi Devlet Bey Kona\u011f\u0131\u2019nda ziyaret etti. Bas\u0131na kapal\u0131 ger\u00e7ekle\u015fen g\u00f6r\u00fc\u015fme yakla\u015f\u0131k 45 dakika s\u00fcrd\u00fc.<\/p>\n<p>Nisan 2023\u2019te yap\u0131m\u0131na ba\u015flanan ve mimarl\u0131\u011f\u0131n\u0131 MHP Merkez Y\u00f6netim Kurulu \u00dcyesi Hayri Bulut\u2019un \u00fcstlendi\u011fi konak, 18 ayda tamamland\u0131. Ahlat ta\u015f\u0131n\u0131n kullan\u0131ld\u0131\u011f\u0131 yap\u0131, Sel\u00e7uklu mimarisinden esinlenerek geleneksel ta\u015f i\u015f\u00e7ili\u011fiyle in\u015fa edildi.<\/p>\n<p>Kona\u011f\u0131n giri\u015finde kurt fig\u00fcrleri ve Sel\u00e7uklu kartal\u0131, kuzey b\u00f6l\u00fcm\u00fcnde hilal formunda misafir odalar\u0131 yer al\u0131yor. G\u00fcney cephesinde ise Akkoyunlu beylerinden Emir Bay\u0131nd\u0131r\u2019\u0131n k\u00fcmbetinin benzeri olan iki katl\u0131 yap\u0131 bulunuyor. Alt b\u00f6l\u00fcmde kabul salonu, \u00fcst b\u00f6l\u00fcmde ise sofal\u0131 ba\u015f oda yer al\u0131yor.<\/p>\n<\/p><\/div>\n","protected":false},"excerpt":{"rendered":"<p>Cumhurba\u015fkan\u0131 Recep Tayyip Erdo\u011fan, Malazgirt Zaferi\u2019nin 954\u2019\u00fcnc\u00fc y\u0131l\u0131 dolay\u0131s\u0131yla Ahlat\u2019ta d\u00fczenlenen etkinlikte konu\u015ftu. Erdo\u011fan, Ahlat\u2019\u0131n T\u00fcrk milleti i\u00e7in simgesel bir \u00f6neme sahip oldu\u011funu vurgulayarak, \u201cAhlat, bu topraklardaki ezeli ve ebedi mevcudiyetimizin simgesidir. T\u00fcrk milleti i\u00e7in Ahlat, K\u0131z\u0131lelma\u2019n\u0131n anahtar\u0131d\u0131r\u201d ifadelerini kulland\u0131. \u201cKarde\u015fli\u011fimizi per\u00e7inleyece\u011fiz\u201d T\u00fcrk, K\u00fcrt ve Araplar\u0131n birlik ruhuna dikkat \u00e7eken Erdo\u011fan, \u201cYedi d\u00fcvele diz \u00e7\u00f6kt\u00fcrd\u00fc\u011f\u00fcm\u00fcz [&hellip;]<\/p>\n","protected":false},"author":1,"featured_media":4352,"comment_status":"open","ping_status":"open","sticky":false,"template":"","format":"standard","meta":{"footnotes":""},"categories":[4],"tags":[],"class_list":["post-4351","post","type-post","status-publish","format-standard","has-post-thumbnail","hentry","category-gundem"],"_links":{"self":[{"href":"https:\/\/adanapostasi.com\/index.php\/wp-json\/wp\/v2\/posts\/4351","targetHints":{"allow":["GET"]}}],"collection":[{"href":"https:\/\/adanapostasi.com\/index.php\/wp-json\/wp\/v2\/posts"}],"about":[{"href":"https:\/\/adanapostasi.com\/index.php\/wp-json\/wp\/v2\/types\/post"}],"author":[{"embeddable":true,"href":"https:\/\/adanapostasi.com\/index.php\/wp-json\/wp\/v2\/users\/1"}],"replies":[{"embeddable":true,"href":"https:\/\/adanapostasi.com\/index.php\/wp-json\/wp\/v2\/comments?post=4351"}],"version-history":[{"count":1,"href":"https:\/\/adanapostasi.com\/index.php\/wp-json\/wp\/v2\/posts\/4351\/revisions"}],"predecessor-version":[{"id":4353,"href":"https:\/\/adanapostasi.com\/index.php\/wp-json\/wp\/v2\/posts\/4351\/revisions\/4353"}],"wp:featuredmedia":[{"embeddable":true,"href":"https:\/\/adanapostasi.com\/index.php\/wp-json\/wp\/v2\/media\/4352"}],"wp:attachment":[{"href":"https:\/\/adanapostasi.com\/index.php\/wp-json\/wp\/v2\/media?parent=4351"}],"wp:term":[{"taxonomy":"category","embeddable":true,"href":"https:\/\/adanapostasi.com\/index.php\/wp-json\/wp\/v2\/categories?post=4351"},{"taxonomy":"post_tag","embeddable":true,"href":"https:\/\/adanapostasi.com\/index.php\/wp-json\/wp\/v2\/tags?post=4351"}],"curies":[{"name":"wp","href":"https:\/\/api.w.org\/{rel}","templated":true}]}}