{"id":4739,"date":"2025-09-13T18:58:18","date_gmt":"2025-09-13T15:58:18","guid":{"rendered":"https:\/\/adanapostasi.com\/index.php\/2025\/09\/13\/gursel-tekin-tek-amacimiz-mahkemenin-verdigi-gorevi-yerine-getirmek\/"},"modified":"2025-09-13T18:58:18","modified_gmt":"2025-09-13T15:58:18","slug":"gursel-tekin-tek-amacimiz-mahkemenin-verdigi-gorevi-yerine-getirmek","status":"publish","type":"post","link":"https:\/\/adanapostasi.com\/index.php\/2025\/09\/13\/gursel-tekin-tek-amacimiz-mahkemenin-verdigi-gorevi-yerine-getirmek\/","title":{"rendered":"G\u00fcrsel Tekin: Tek amac\u0131m\u0131z mahkemenin verdi\u011fi g\u00f6revi yerine getirmek"},"content":{"rendered":"<div data-text-id=\"444148\" property=\"articleBody\">\n<p><strong>\u0130STANBUL &#8211; BHA <\/strong><\/p>\n<p>CHP \u0130stanbul \u0130l Ba\u015fkan\u0131 olarak mahkeme karar\u0131yla g\u00f6revlendirilen G\u00fcrsel Tekin, il binas\u0131 tart\u0131\u015fmalar\u0131na ili\u015fkin a\u00e7\u0131klamalarda bulundu. Tekin, kendilerine y\u00f6nelik as\u0131ls\u0131z iftiralara tepki g\u00f6stererek, tart\u0131\u015fmalar\u0131n par\u00e7as\u0131 olmak istemediklerini s\u00f6yledi.<\/p>\n<p>CHP \u0130stanbul \u0130l Ba\u015fkan\u0131 s\u00f6zlerini \u015f\u00f6yle s\u00fcrd\u00fcrd\u00fc:<\/p>\n<p>\u201cBiz bir kararla buraya geldik. Elimizdeki karar, buradaki k\u0131sa s\u00fcre i\u00e7erisinde yapmam\u0131z gereken g\u00f6revle ilgilidir. B\u00fct\u00fcn \u00e7abam\u0131z bu sorunu bitirip i\u015fimize bakmak. Ama her g\u00fcn bir bina tart\u0131\u015fmas\u0131, oraya gidelim buraya gidelim\u2026 Yeter ki \u00fcst\u00fcnde alt\u0131 oklu amblem olsun, T\u00fcrkiye\u2019nin neresinde olursa olsun gider orada \u00e7al\u0131\u015fmalar\u0131m\u0131z\u0131 yapar\u0131z.<\/p>\n<p>Biz de insan\u0131z, b\u0131rak\u0131n i\u015fimizi yapal\u0131m. S\u00fcrekli polemi\u011fe girersek bir \u00e7ok arkada\u015f\u0131m\u0131 da \u00fczerim, \u00fczmek istemiyorum. Buna ra\u011fmen sab\u0131rla ve azimle i\u015fimizi y\u00fcr\u00fctmeye \u00e7al\u0131\u015f\u0131yoruz.\u201d<\/p>\n<\/p><\/div>\n","protected":false},"excerpt":{"rendered":"<p>\u0130STANBUL &#8211; BHA CHP \u0130stanbul \u0130l Ba\u015fkan\u0131 olarak mahkeme karar\u0131yla g\u00f6revlendirilen G\u00fcrsel Tekin, il binas\u0131 tart\u0131\u015fmalar\u0131na ili\u015fkin a\u00e7\u0131klamalarda bulundu. Tekin, kendilerine y\u00f6nelik as\u0131ls\u0131z iftiralara tepki g\u00f6stererek, tart\u0131\u015fmalar\u0131n par\u00e7as\u0131 olmak istemediklerini s\u00f6yledi. CHP \u0130stanbul \u0130l Ba\u015fkan\u0131 s\u00f6zlerini \u015f\u00f6yle s\u00fcrd\u00fcrd\u00fc: \u201cBiz bir kararla buraya geldik. Elimizdeki karar, buradaki k\u0131sa s\u00fcre i\u00e7erisinde yapmam\u0131z gereken g\u00f6revle ilgilidir. B\u00fct\u00fcn \u00e7abam\u0131z [&hellip;]<\/p>\n","protected":false},"author":1,"featured_media":4740,"comment_status":"open","ping_status":"open","sticky":false,"template":"","format":"standard","meta":{"footnotes":""},"categories":[4],"tags":[],"class_list":["post-4739","post","type-post","status-publish","format-standard","has-post-thumbnail","hentry","category-gundem"],"_links":{"self":[{"href":"https:\/\/adanapostasi.com\/index.php\/wp-json\/wp\/v2\/posts\/4739","targetHints":{"allow":["GET"]}}],"collection":[{"href":"https:\/\/adanapostasi.com\/index.php\/wp-json\/wp\/v2\/posts"}],"about":[{"href":"https:\/\/adanapostasi.com\/index.php\/wp-json\/wp\/v2\/types\/post"}],"author":[{"embeddable":true,"href":"https:\/\/adanapostasi.com\/index.php\/wp-json\/wp\/v2\/users\/1"}],"replies":[{"embeddable":true,"href":"https:\/\/adanapostasi.com\/index.php\/wp-json\/wp\/v2\/comments?post=4739"}],"version-history":[{"count":1,"href":"https:\/\/adanapostasi.com\/index.php\/wp-json\/wp\/v2\/posts\/4739\/revisions"}],"predecessor-version":[{"id":4741,"href":"https:\/\/adanapostasi.com\/index.php\/wp-json\/wp\/v2\/posts\/4739\/revisions\/4741"}],"wp:featuredmedia":[{"embeddable":true,"href":"https:\/\/adanapostasi.com\/index.php\/wp-json\/wp\/v2\/media\/4740"}],"wp:attachment":[{"href":"https:\/\/adanapostasi.com\/index.php\/wp-json\/wp\/v2\/media?parent=4739"}],"wp:term":[{"taxonomy":"category","embeddable":true,"href":"https:\/\/adanapostasi.com\/index.php\/wp-json\/wp\/v2\/categories?post=4739"},{"taxonomy":"post_tag","embeddable":true,"href":"https:\/\/adanapostasi.com\/index.php\/wp-json\/wp\/v2\/tags?post=4739"}],"curies":[{"name":"wp","href":"https:\/\/api.w.org\/{rel}","templated":true}]}}