{"id":5521,"date":"2025-10-24T02:39:24","date_gmt":"2025-10-23T23:39:24","guid":{"rendered":"https:\/\/adanapostasi.com\/index.php\/2025\/10\/24\/marmarada-kurak-eylul-alarmi-yagislar-yuzde-65-azaldi\/"},"modified":"2025-10-24T02:39:25","modified_gmt":"2025-10-23T23:39:25","slug":"marmarada-kurak-eylul-alarmi-yagislar-yuzde-65-azaldi","status":"publish","type":"post","link":"https:\/\/adanapostasi.com\/index.php\/2025\/10\/24\/marmarada-kurak-eylul-alarmi-yagislar-yuzde-65-azaldi\/","title":{"rendered":"Marmara&#039;da kurak eyl\u00fcl alarm\u0131: Ya\u011f\u0131\u015flar y\u00fczde 65 azald\u0131!"},"content":{"rendered":"<p><\/p>\n<div data-text-id=\"446426\" property=\"articleBody\">\n<p>Meteoroloji Genel M\u00fcd\u00fcrl\u00fc\u011f\u00fc verilerinden derlenen bilgilere g\u00f6re, Marmara B\u00f6lgesi&#8217;nde 1991-2020 d\u00f6nemini kapsayan uzun y\u0131llar eyl\u00fcl ay\u0131 ya\u011f\u0131\u015f ortalamas\u0131 <strong>41,7 milimetre<\/strong> olarak \u00f6l\u00e7\u00fcld\u00fc. Ge\u00e7en y\u0131l\u0131n Eyl\u00fcl ay\u0131nda 42,1 milimetre ya\u011f\u0131\u015f alan b\u00f6lgeye, bu y\u0131l\u0131n ayn\u0131 d\u00f6neminde sadece <strong>14,6 milimetre<\/strong> ya\u011f\u0131\u015f d\u00fc\u015ft\u00fc.<\/p>\n<\/p>\n<h3>Son 21 y\u0131l\u0131n en d\u00fc\u015f\u00fck ya\u011f\u0131\u015f miktar\u0131<\/h3>\n<p>Bu ciddi d\u00fc\u015f\u00fc\u015fle birlikte, b\u00f6lgedeki eyl\u00fcl ay\u0131 ya\u011f\u0131\u015f miktar\u0131n\u0131n hem uzun y\u0131llar ortalamas\u0131na hem de ge\u00e7en y\u0131la g\u00f6re <strong>y\u00fczde 65 oran\u0131nda azald\u0131\u011f\u0131<\/strong> tespit edildi. \u00d6zellikle Trakya ve \u00c7anakkale&#8217;nin bat\u0131 kesimlerinde azal\u0131\u015f oran\u0131 yer yer y\u00fczde 80&#8217;i a\u015ft\u0131. <strong>Edirne, K\u0131rklareli ve Tekirda\u011f&#8217;da ise son 21 y\u0131l\u0131n en d\u00fc\u015f\u00fck eyl\u00fcl ay\u0131 ya\u011f\u0131\u015f miktarlar\u0131<\/strong> kay\u0131tlara ge\u00e7ti.<\/p>\n<h3>&#8220;Marmara B\u00f6lgesi son 5 y\u0131ld\u0131r normalin alt\u0131nda ya\u011f\u0131\u015f al\u0131yor&#8221;<\/h3>\n<p>\u0130stanbul Teknik \u00dcniversitesi (\u0130T\u00dc) \u0130klim Bilimi ve Meteoroloji M\u00fchendisli\u011fi B\u00f6l\u00fcm\u00fc \u00d6\u011fretim \u00dcyesi <strong>Prof. Dr. H\u00fcseyin Toros<\/strong>, durumun son y\u0131llarda s\u00fcregelen bir trend oldu\u011funu belirtti. Toros, T\u00fcrkiye&#8217;nin g\u00fcney ve bat\u0131 k\u0131s\u0131mlar\u0131 ile Marmara&#8217;n\u0131n, son d\u00f6nemde daha \u00e7ok <strong>y\u00fcksek bas\u0131n\u00e7 alan\u0131<\/strong> etkisi alt\u0131nda kald\u0131\u011f\u0131n\u0131 ifade etti. Y\u00fcksek bas\u0131nc\u0131n, havan\u0131n a\u00e7\u0131k olmas\u0131na ve ya\u011f\u0131\u015f sistemlerinin b\u00f6lgeye ula\u015famamas\u0131na neden oldu\u011funu aktard\u0131.<\/p>\n<p>Prof. Dr. Toros, Marmara B\u00f6lgesi&#8217;nin son 5 y\u0131ld\u0131r normalin alt\u0131nda ya\u011f\u0131\u015f ald\u0131\u011f\u0131n\u0131n alt\u0131n\u0131 \u00e7izdi.<\/p>\n<h3>Prof. Dr. Toros&#8217;tan su tasarrufu \u00e7a\u011fr\u0131s\u0131<\/h3>\n<p>Kurak d\u00f6nemin devam etmesi ve barajlardaki d\u00fc\u015f\u00fck su seviyeleri nedeniyle Prof. Dr. Toros, herkesin \u00fczerine d\u00fc\u015feni yapmas\u0131 gerekti\u011fi uyar\u0131s\u0131nda bulundu:<\/p>\n<div class=\"post-flash\">\n        <!--\n\n<h3 class=\"post-flash__title\">G&ouml;zden ka&ccedil;&#305;rmay&#305;n<\/h3>\n\n--><\/p>\n<div class=\"row g-0 align-items-center\">\n<div class=\"col-5 col-sm-3\">\n                <img decoding=\"async\" src=\"https:\/\/bhanettr.teimg.com\/crop\/250x150\/bha-net-tr\/uploads\/2025\/07\/burhanettin-duran-4.webp\" loading=\"lazy\" width=\"860\" height=\"504\" alt=\"Duran: Bu topraklarda kin ve nefrete ge\u00e7it yok\" class=\"img-fluid\"\/>\n            <\/div>\n<div class=\"col-7 col-sm-9\">\n<div class=\"post-flash-heading p-2\">\n<p>Duran: Bu topraklarda kin ve nefrete ge\u00e7it yok<\/p>\n<p>\u0130\u00e7eri\u011fi G\u00f6r\u00fcnt\u00fcle <i class=\"fa fa-arrow-right ps-2\"\/><\/p>\n<\/p><\/div>\n<\/p><\/div>\n<\/p><\/div>\n<\/p><\/div>\n<p>&#8220;Kurak d\u00f6nem devam etti\u011fi i\u00e7in ve barajlar\u0131m\u0131zda su seviyesi d\u00fc\u015f\u00fck oldu\u011fu i\u00e7in hala her yerde ister tar\u0131mda olsun ister ev kullan\u0131mda olsun <strong>su tasarrufu konusunda kendi \u00e7ap\u0131m\u0131zda bir \u015feyler yapmam\u0131z gerekiyor.<\/strong> Suyu daha tasarruflu kullanmam\u0131z gerekiyor ki s\u0131k\u0131nt\u0131l\u0131 d\u00f6nemler ya\u015famayal\u0131m.&#8221;<\/p>\n<\/p><\/div>\n","protected":false},"excerpt":{"rendered":"<p>Meteoroloji Genel M\u00fcd\u00fcrl\u00fc\u011f\u00fc verilerinden derlenen bilgilere g\u00f6re, Marmara B\u00f6lgesi&#8217;nde 1991-2020 d\u00f6nemini kapsayan uzun y\u0131llar eyl\u00fcl ay\u0131 ya\u011f\u0131\u015f ortalamas\u0131 41,7 milimetre olarak \u00f6l\u00e7\u00fcld\u00fc. Ge\u00e7en y\u0131l\u0131n Eyl\u00fcl ay\u0131nda 42,1 milimetre ya\u011f\u0131\u015f alan b\u00f6lgeye, bu y\u0131l\u0131n ayn\u0131 d\u00f6neminde sadece 14,6 milimetre ya\u011f\u0131\u015f d\u00fc\u015ft\u00fc. Son 21 y\u0131l\u0131n en d\u00fc\u015f\u00fck ya\u011f\u0131\u015f miktar\u0131 Bu ciddi d\u00fc\u015f\u00fc\u015fle birlikte, b\u00f6lgedeki eyl\u00fcl ay\u0131 ya\u011f\u0131\u015f [&hellip;]<\/p>\n","protected":false},"author":1,"featured_media":5522,"comment_status":"open","ping_status":"open","sticky":false,"template":"","format":"standard","meta":{"footnotes":""},"categories":[4],"tags":[],"class_list":["post-5521","post","type-post","status-publish","format-standard","has-post-thumbnail","hentry","category-gundem"],"_links":{"self":[{"href":"https:\/\/adanapostasi.com\/index.php\/wp-json\/wp\/v2\/posts\/5521","targetHints":{"allow":["GET"]}}],"collection":[{"href":"https:\/\/adanapostasi.com\/index.php\/wp-json\/wp\/v2\/posts"}],"about":[{"href":"https:\/\/adanapostasi.com\/index.php\/wp-json\/wp\/v2\/types\/post"}],"author":[{"embeddable":true,"href":"https:\/\/adanapostasi.com\/index.php\/wp-json\/wp\/v2\/users\/1"}],"replies":[{"embeddable":true,"href":"https:\/\/adanapostasi.com\/index.php\/wp-json\/wp\/v2\/comments?post=5521"}],"version-history":[{"count":1,"href":"https:\/\/adanapostasi.com\/index.php\/wp-json\/wp\/v2\/posts\/5521\/revisions"}],"predecessor-version":[{"id":5523,"href":"https:\/\/adanapostasi.com\/index.php\/wp-json\/wp\/v2\/posts\/5521\/revisions\/5523"}],"wp:featuredmedia":[{"embeddable":true,"href":"https:\/\/adanapostasi.com\/index.php\/wp-json\/wp\/v2\/media\/5522"}],"wp:attachment":[{"href":"https:\/\/adanapostasi.com\/index.php\/wp-json\/wp\/v2\/media?parent=5521"}],"wp:term":[{"taxonomy":"category","embeddable":true,"href":"https:\/\/adanapostasi.com\/index.php\/wp-json\/wp\/v2\/categories?post=5521"},{"taxonomy":"post_tag","embeddable":true,"href":"https:\/\/adanapostasi.com\/index.php\/wp-json\/wp\/v2\/tags?post=5521"}],"curies":[{"name":"wp","href":"https:\/\/api.w.org\/{rel}","templated":true}]}}