{"id":6642,"date":"2025-12-18T00:41:22","date_gmt":"2025-12-17T21:41:22","guid":{"rendered":"https:\/\/adanapostasi.com\/index.php\/2025\/12\/18\/buyukcekmecedeki-ozel-yasli-bakim-merkezi-hakkinda-sorusturma-baslatildi\/"},"modified":"2025-12-18T00:41:23","modified_gmt":"2025-12-17T21:41:23","slug":"buyukcekmecedeki-ozel-yasli-bakim-merkezi-hakkinda-sorusturma-baslatildi","status":"publish","type":"post","link":"https:\/\/adanapostasi.com\/index.php\/2025\/12\/18\/buyukcekmecedeki-ozel-yasli-bakim-merkezi-hakkinda-sorusturma-baslatildi\/","title":{"rendered":"B\u00fcy\u00fck\u00e7ekmece\u2019deki \u00f6zel ya\u015fl\u0131 bak\u0131m merkezi hakk\u0131nda soru\u015fturma ba\u015flat\u0131ld\u0131"},"content":{"rendered":"<div data-text-id=\"449615\" property=\"articleBody\">\n<p>Aile ve Sosyal Hizmetler Bakanl\u0131\u011f\u0131, \u0130stanbul\u2019un B\u00fcy\u00fck\u00e7ekmece il\u00e7esinde faaliyet g\u00f6steren \u00f6zel bir ya\u015fl\u0131 bak\u0131m merkezine ili\u015fkin sosyal medyada ve bas\u0131n yay\u0131n organlar\u0131nda yer alan \u015fiddet iddialar\u0131 \u00fczerine inceleme ba\u015flat\u0131ld\u0131\u011f\u0131n\u0131 duyurdu.<\/p>\n<p>Bakanl\u0131ktan yap\u0131lan yaz\u0131l\u0131 a\u00e7\u0131klamada, kamuoyuna yans\u0131yan g\u00f6r\u00fcnt\u00fclerin ard\u0131ndan \u0130l M\u00fcd\u00fcrl\u00fc\u011f\u00fc ekiplerinin ilgili merkeze ivedilikle intikal ederek inceleme ger\u00e7ekle\u015ftirdi\u011fi bildirildi.<\/p>\n<h2><strong>Sorumlu m\u00fcd\u00fcr\u00fcn \u00e7al\u0131\u015fma onay\u0131 iptal edildi<\/strong><\/h2>\n<p>A\u00e7\u0131klamada, Bakanl\u0131k taraf\u0131ndan muhakkik g\u00f6revlendirildi\u011fi ve e\u015f zamanl\u0131 olarak B\u00fcy\u00fck\u00e7ekmece Cumhuriyet Ba\u015fsavc\u0131l\u0131\u011f\u0131na su\u00e7 duyurusunda bulunuldu\u011fu belirtildi. \u0130dari tedbir kapsam\u0131nda, sorumlu m\u00fcd\u00fcr Y.K.\u2019nin sorumlu m\u00fcd\u00fcrl\u00fck ve \u00e7al\u0131\u015fma onay\u0131n\u0131n iptal edildi\u011fi ifade edildi.<\/p>\n<p>Kapatma dahil t\u00fcm yapt\u0131r\u0131mlar g\u00fcndemde<\/p>\n<p>Muhakkik incelemesi sonucunda \u00f6zel ya\u015fl\u0131 bak\u0131m merkezine idari para cezas\u0131 uyguland\u0131\u011f\u0131 kaydedilen a\u00e7\u0131klamada, adli yarg\u0131lama s\u00fcrecinin sonucuna g\u00f6re ilgili kurulu\u015f hakk\u0131nda kapatma i\u015flemi dahil olmak \u00fczere gerekli t\u00fcm yapt\u0131r\u0131mlar\u0131n uygulanaca\u011f\u0131 bildirildi.<\/p>\n<\/p><\/div>\n","protected":false},"excerpt":{"rendered":"<p>Aile ve Sosyal Hizmetler Bakanl\u0131\u011f\u0131, \u0130stanbul\u2019un B\u00fcy\u00fck\u00e7ekmece il\u00e7esinde faaliyet g\u00f6steren \u00f6zel bir ya\u015fl\u0131 bak\u0131m merkezine ili\u015fkin sosyal medyada ve bas\u0131n yay\u0131n organlar\u0131nda yer alan \u015fiddet iddialar\u0131 \u00fczerine inceleme ba\u015flat\u0131ld\u0131\u011f\u0131n\u0131 duyurdu. Bakanl\u0131ktan yap\u0131lan yaz\u0131l\u0131 a\u00e7\u0131klamada, kamuoyuna yans\u0131yan g\u00f6r\u00fcnt\u00fclerin ard\u0131ndan \u0130l M\u00fcd\u00fcrl\u00fc\u011f\u00fc ekiplerinin ilgili merkeze ivedilikle intikal ederek inceleme ger\u00e7ekle\u015ftirdi\u011fi bildirildi. Sorumlu m\u00fcd\u00fcr\u00fcn \u00e7al\u0131\u015fma onay\u0131 iptal edildi [&hellip;]<\/p>\n","protected":false},"author":1,"featured_media":6643,"comment_status":"open","ping_status":"open","sticky":false,"template":"","format":"standard","meta":{"footnotes":""},"categories":[4],"tags":[],"class_list":["post-6642","post","type-post","status-publish","format-standard","has-post-thumbnail","hentry","category-gundem"],"_links":{"self":[{"href":"https:\/\/adanapostasi.com\/index.php\/wp-json\/wp\/v2\/posts\/6642","targetHints":{"allow":["GET"]}}],"collection":[{"href":"https:\/\/adanapostasi.com\/index.php\/wp-json\/wp\/v2\/posts"}],"about":[{"href":"https:\/\/adanapostasi.com\/index.php\/wp-json\/wp\/v2\/types\/post"}],"author":[{"embeddable":true,"href":"https:\/\/adanapostasi.com\/index.php\/wp-json\/wp\/v2\/users\/1"}],"replies":[{"embeddable":true,"href":"https:\/\/adanapostasi.com\/index.php\/wp-json\/wp\/v2\/comments?post=6642"}],"version-history":[{"count":1,"href":"https:\/\/adanapostasi.com\/index.php\/wp-json\/wp\/v2\/posts\/6642\/revisions"}],"predecessor-version":[{"id":6644,"href":"https:\/\/adanapostasi.com\/index.php\/wp-json\/wp\/v2\/posts\/6642\/revisions\/6644"}],"wp:featuredmedia":[{"embeddable":true,"href":"https:\/\/adanapostasi.com\/index.php\/wp-json\/wp\/v2\/media\/6643"}],"wp:attachment":[{"href":"https:\/\/adanapostasi.com\/index.php\/wp-json\/wp\/v2\/media?parent=6642"}],"wp:term":[{"taxonomy":"category","embeddable":true,"href":"https:\/\/adanapostasi.com\/index.php\/wp-json\/wp\/v2\/categories?post=6642"},{"taxonomy":"post_tag","embeddable":true,"href":"https:\/\/adanapostasi.com\/index.php\/wp-json\/wp\/v2\/tags?post=6642"}],"curies":[{"name":"wp","href":"https:\/\/api.w.org\/{rel}","templated":true}]}}