{"id":8086,"date":"2026-02-26T05:45:15","date_gmt":"2026-02-26T02:45:15","guid":{"rendered":"https:\/\/adanapostasi.com\/index.php\/2026\/02\/26\/trakyada-yagis-bereketi-barajlara-261-milyon-metrekup-ek-su\/"},"modified":"2026-02-26T05:45:15","modified_gmt":"2026-02-26T02:45:15","slug":"trakyada-yagis-bereketi-barajlara-261-milyon-metrekup-ek-su","status":"publish","type":"post","link":"https:\/\/adanapostasi.com\/index.php\/2026\/02\/26\/trakyada-yagis-bereketi-barajlara-261-milyon-metrekup-ek-su\/","title":{"rendered":"Trakya\u2019da ya\u011f\u0131\u015f bereketi: Barajlara 261 milyon metrek\u00fcp ek su"},"content":{"rendered":"<p><\/p>\n<div property=\"articleBody\" id=\"detail-content\">\n<p>\u00d6zellikle yaz aylar\u0131nda alarm veren su seviyeleri, k\u0131\u015f ya\u011f\u0131\u015flar\u0131yla birlikte dikkat \u00e7ekici bi\u00e7imde y\u00fckseldi.<\/p>\n<p data-end=\"690\" data-start=\"280\">Devlet Su \u0130\u015fleri (DS\u0130) 11. B\u00f6lge M\u00fcd\u00fcrl\u00fc\u011f\u00fc verilerine g\u00f6re, Edirne, Tekirda\u011f ve K\u0131rklareli s\u0131n\u0131rlar\u0131 i\u00e7indeki 14 barajda toplam 638 milyon 932 bin metrek\u00fcp su bulunuyor. 6 Ocak\u2019ta 377 milyon 248 bin metrek\u00fcp olarak \u00f6l\u00e7\u00fclen su miktar\u0131, son ya\u011f\u0131\u015flar\u0131n ard\u0131ndan 261 milyon 684 bin metrek\u00fcp art\u0131\u015f g\u00f6sterdi.<\/p>\n<p data-end=\"690\" data-start=\"280\">\n<h2 data-end=\"720\" data-start=\"692\"><strong>En fazla art\u0131\u015f Edirne\u2019de<\/strong><\/h2>\n<p data-end=\"977\" data-start=\"722\">Doluluk oran\u0131ndaki y\u00fckseli\u015fin en belirgin oldu\u011fu il Edirne oldu. Kentteki 6 barajda 326 milyon 653 bin metrek\u00fcp su depolan\u0131rken, K\u0131rklareli\u2019ndeki 4 barajda 188 milyon 158 bin metrek\u00fcp, Tekirda\u011f\u2019daki 4 barajda ise 124 milyon 121 bin metrek\u00fcp su kaydedildi.<\/p>\n<p data-end=\"1342\" data-start=\"979\">B\u00f6lge a\u00e7\u0131s\u0131ndan kritik \u00f6neme sahip bir di\u011fer nokta ise K\u0131rklareli\u2019nde bulunan ve Edirne\u2019nin su ihtiyac\u0131n\u0131 kar\u015f\u0131layan Kayal\u0131k\u00f6y Baraj\u0131 oldu. Yaz aylar\u0131nda kurakl\u0131\u011f\u0131n etkisiyle doluluk oran\u0131 y\u00fczde 3\u2019e kadar d\u00fc\u015fen barajda, son ya\u011f\u0131\u015flarla birlikte seviye y\u00fczde 53\u2019e y\u00fckseldi. Barajdaki mevcut su miktar\u0131 79 milyon 414 bin metrek\u00fcp olarak \u00f6l\u00e7\u00fcld\u00fc.<\/p>\n<p data-end=\"1608\" data-is-last-node=\"\" data-is-only-node=\"\" data-start=\"1344\">Kurak ge\u00e7en yaz\u0131n ard\u0131ndan gelen bu y\u00fckseli\u015f, Trakya\u2019da su y\u00f6netimi a\u00e7\u0131s\u0131ndan rahat bir nefes ald\u0131rd\u0131.<\/p>\n<\/p><\/div>\n","protected":false},"excerpt":{"rendered":"<p>\u00d6zellikle yaz aylar\u0131nda alarm veren su seviyeleri, k\u0131\u015f ya\u011f\u0131\u015flar\u0131yla birlikte dikkat \u00e7ekici bi\u00e7imde y\u00fckseldi. Devlet Su \u0130\u015fleri (DS\u0130) 11. B\u00f6lge M\u00fcd\u00fcrl\u00fc\u011f\u00fc verilerine g\u00f6re, Edirne, Tekirda\u011f ve K\u0131rklareli s\u0131n\u0131rlar\u0131 i\u00e7indeki 14 barajda toplam 638 milyon 932 bin metrek\u00fcp su bulunuyor. 6 Ocak\u2019ta 377 milyon 248 bin metrek\u00fcp olarak \u00f6l\u00e7\u00fclen su miktar\u0131, son ya\u011f\u0131\u015flar\u0131n ard\u0131ndan 261 milyon [&hellip;]<\/p>\n","protected":false},"author":1,"featured_media":8087,"comment_status":"open","ping_status":"open","sticky":false,"template":"","format":"standard","meta":{"footnotes":""},"categories":[4],"tags":[],"class_list":["post-8086","post","type-post","status-publish","format-standard","has-post-thumbnail","hentry","category-gundem"],"_links":{"self":[{"href":"https:\/\/adanapostasi.com\/index.php\/wp-json\/wp\/v2\/posts\/8086","targetHints":{"allow":["GET"]}}],"collection":[{"href":"https:\/\/adanapostasi.com\/index.php\/wp-json\/wp\/v2\/posts"}],"about":[{"href":"https:\/\/adanapostasi.com\/index.php\/wp-json\/wp\/v2\/types\/post"}],"author":[{"embeddable":true,"href":"https:\/\/adanapostasi.com\/index.php\/wp-json\/wp\/v2\/users\/1"}],"replies":[{"embeddable":true,"href":"https:\/\/adanapostasi.com\/index.php\/wp-json\/wp\/v2\/comments?post=8086"}],"version-history":[{"count":1,"href":"https:\/\/adanapostasi.com\/index.php\/wp-json\/wp\/v2\/posts\/8086\/revisions"}],"predecessor-version":[{"id":8088,"href":"https:\/\/adanapostasi.com\/index.php\/wp-json\/wp\/v2\/posts\/8086\/revisions\/8088"}],"wp:featuredmedia":[{"embeddable":true,"href":"https:\/\/adanapostasi.com\/index.php\/wp-json\/wp\/v2\/media\/8087"}],"wp:attachment":[{"href":"https:\/\/adanapostasi.com\/index.php\/wp-json\/wp\/v2\/media?parent=8086"}],"wp:term":[{"taxonomy":"category","embeddable":true,"href":"https:\/\/adanapostasi.com\/index.php\/wp-json\/wp\/v2\/categories?post=8086"},{"taxonomy":"post_tag","embeddable":true,"href":"https:\/\/adanapostasi.com\/index.php\/wp-json\/wp\/v2\/tags?post=8086"}],"curies":[{"name":"wp","href":"https:\/\/api.w.org\/{rel}","templated":true}]}}