{"id":8180,"date":"2026-03-12T13:16:17","date_gmt":"2026-03-12T10:16:17","guid":{"rendered":"https:\/\/adanapostasi.com\/index.php\/2026\/03\/12\/adana-ihh-baskani-eraslandan-savas-tepkisi-hdh-medya\/"},"modified":"2026-03-12T13:16:17","modified_gmt":"2026-03-12T10:16:17","slug":"adana-ihh-baskani-eraslandan-savas-tepkisi-hdh-medya","status":"publish","type":"post","link":"https:\/\/adanapostasi.com\/index.php\/2026\/03\/12\/adana-ihh-baskani-eraslandan-savas-tepkisi-hdh-medya\/","title":{"rendered":"ADANA \u0130HH BA\u015eKANI ERASLAN\u2019DAN SAVA\u015e TEPK\u0130S\u0130 \u2013 HDH Medya"},"content":{"rendered":"<p><\/p>\n<div property=\"articleBody\">\n<div class=\"cap\">\n<p>                            <img loading=\"lazy\" width=\"740\" height=\"420\" src=\"https:\/\/www.hdhmedya.com\/wp-content\/uploads\/2026\/03\/WhatsApp-Image-2026-03-12-at-12.51.33-740x420.jpeg\" class=\"attachment-ta_single size-ta_single wp-post-image\" alt=\"ADANA \u0130HH BA\u015eKANI ERASLAN\u2019DAN SAVA\u015e TEPK\u0130S\u0130\" decoding=\"async\" srcset=\"https:\/\/www.hdhmedya.com\/wp-content\/uploads\/2026\/03\/WhatsApp-Image-2026-03-12-at-12.51.33-740x420.jpeg 740w, https:\/\/www.hdhmedya.com\/wp-content\/uploads\/2026\/03\/WhatsApp-Image-2026-03-12-at-12.51.33-300x169.jpeg 300w\" sizes=\"auto, (max-width: 740px) 100vw, 740px\"\/><\/p>\n<div class=\"sc-options \">\n<div class=\"flex-between\">\n<div class=\"sc-options-left\">\n                                        <a href=\"https:\/\/www.hdhmedya.com\/author\/hdhmedya\/\" class=\"sc-options-user\"><br \/>\n                                                                                            <img decoding=\"async\" src=\"https:\/\/www.hdhmedya.com\/wp-content\/themes\/haberadam\/img\/icons\/user.png\"\/><br \/>\n                                                                                    <\/a><\/p><\/div>\n<\/p><\/div>\n<\/p><\/div>\n<\/p><\/div>\n<p>Adana \u0130HH Ba\u015fkan\u0131 Mahmut Eraslan, d\u00fcnyan\u0131n d\u00f6rt bir yan\u0131nda artarak devam eden sivil katliamlar\u0131na ve \u00e7ocuk \u00f6l\u00fcmlerine dikkat \u00e7ekerek, \u0130slam d\u00fcnyas\u0131na acil \u201cortak irade\u201d \u00e7a\u011fr\u0131s\u0131nda bulundu. Emperyalist g\u00fc\u00e7lerin ve Siyonizmin sald\u0131r\u0131lar\u0131na kar\u015f\u0131 57 \u0130slam \u00fclkesinin da\u011f\u0131n\u0131kl\u0131\u011f\u0131na vurgu yapan Eraslan, \u201cKatillerin bombalar\u0131 \u2018\u015eii misin, S\u00fcnni misin?\u2019 diye sormuyor\u201d dedi.<br \/>Eraslan, k\u00fcresel \u00e7apta ya\u015fanan sava\u015flar, sivil katliamlar\u0131 ve \u00e7ocuk \u00f6l\u00fcmleriyle ilgili \u00e7arp\u0131c\u0131 bir bas\u0131n a\u00e7\u0131klamas\u0131 yay\u0131mlad\u0131. A\u00e7\u0131klamas\u0131nda ABD ve \u0130srail men\u015feli sald\u0131r\u0131lar\u0131n \u0130slam co\u011frafyas\u0131n\u0131 yerle bir etti\u011fini belirten Eraslan, \u0130slam \u00fclkelerinin i\u00e7ine d\u00fc\u015ft\u00fc\u011f\u00fc mezhep ve etnik \u00e7at\u0131\u015fmalar\u0131n emperyalist g\u00fc\u00e7lerin ekme\u011fine ya\u011f s\u00fcrd\u00fc\u011f\u00fcn\u00fc ifade etti.<\/p>\n<p>\u201c\u00d6lenler Hep Ayn\u0131: Masum \u00c7ocuklar ve Kad\u0131nlar\u201d<br \/>S\u00f6zlerine \u201cCo\u011frafyam\u0131zdan kan ak\u0131yor\u201d diyerek ba\u015flayan Eraslan, \u0130slam co\u011frafyas\u0131n\u0131n d\u00f6rt bir yan\u0131nda \u00e7ocuklar\u0131n tonlarca a\u011f\u0131rl\u0131ktaki bombalar\u0131n hedefi oldu\u011funu kaydetti. Eraslan, \u201cD\u00fcn Bosna\u2019da, \u00c7e\u00e7enistan\u2019da, Afganistan\u2019da, Arakan\u2019da, Suriye\u2019de ve Irak\u2019ta d\u00f6k\u00fclen kan; bug\u00fcn Sudan\u2019da, L\u00fcbnan\u2019da, Do\u011fu T\u00fcrkistan\u2019da, Yemen\u2019de, Gazze\u2019de ve \u0130ran\u2019da d\u00f6k\u00fclmeye devam ediyor. Co\u011frafyalar ve takvimler de\u011fi\u015fiyor ancak \u00f6lenler hep ayn\u0131. Masum \u00e7ocuklar, kad\u0131nlar ve siviller. Fail, silahlar ve bombalar\u0131n \u00fczerindeki ABD ve \u0130srail imzalar\u0131 belli iken, bizler h\u00e2l\u00e2 b\u00fcy\u00fck d\u00fc\u015fman\u0131m\u0131z olan \u2018par\u00e7alanm\u0131\u015fl\u0131\u011f\u0131\u2019 besliyoruz\u201d ifadelerini kulland\u0131.<\/p>\n<p>\u201c57 \u0130slam \u00dclkesinin Durumu G\u00fc\u00e7s\u00fczl\u00fck De\u011fil, Da\u011f\u0131n\u0131kl\u0131kt\u0131r\u201d<br \/>\u0130slam d\u00fcnyas\u0131ndaki b\u00f6l\u00fcnm\u00fc\u015fl\u00fc\u011fe sert ele\u015ftiriler getiren Ba\u015fkan Eraslan, enerjinin mezhep kavgalar\u0131 ve etnik tart\u0131\u015fmalarla t\u00fcketilmemesi gerekti\u011fini vurgulad\u0131.<br \/>\u201cKatillerin bombalar\u0131 \u2018\u015eii misin, S\u00fcnni misin, Selefi misin, Sufi misin?\u2019 diye sormuyor. Hedefleri t\u00fcm \u0130slam d\u00fcnyas\u0131d\u0131r\u201d diyen Eraslan, 57 \u0130slam \u00fclkesi ve 1,8 milyar M\u00fcsl\u00fcman n\u00fcfusun Gazze\u2019deki \u00e7ocuklar\u0131 kurtaracak bir irade ortaya koyamamas\u0131n\u0131n bir g\u00fc\u00e7s\u00fczl\u00fck de\u011fil, da\u011f\u0131n\u0131kl\u0131k oldu\u011funun alt\u0131n\u0131 \u00e7izdi. Eraslan, \u0130slam d\u00fcnyas\u0131 liderlerine seslenerek, ekonomik, siyasi ve askeri g\u00fcc\u00fcn mazlum \u00e7ocuklar\u0131 koruyacak bir \u201cortak iradeye\u201d d\u00f6n\u00fc\u015ft\u00fcr\u00fclmesi \u00e7a\u011fr\u0131s\u0131nda bulundu.<\/p>\n<p>Korkun\u00e7 Bilan\u00e7o: Rakamlarla \u00c7ocuk Katliamlar\u0131<br \/>Her g\u00fcn her saat \u0130sl\u00e2m co\u011frafyalar\u0131ndan ac\u0131 haberler geldi\u011fini belirterek k\u00fcresel bilan\u00e7oyu g\u00f6zler \u00f6n\u00fcne seren Mahmut Eraslan, \u015fu verileri payla\u015ft\u0131:<br \/>Gazze: 7 Ekim 2023\u2019ten bu yana 21 binden fazla \u00e7ocuk \u015fehit oldu, 44 bin 500\u2019\u00fc a\u015fk\u0131n \u00e7ocuk yaraland\u0131. Binlerce \u00e7ocuk t\u0131bbi malzeme eksikli\u011finden dolay\u0131 anestezi olmadan uzuv kayb\u0131 ya\u015fad\u0131.<br \/>Bat\u0131 \u015eeria, Kud\u00fcs ve L\u00fcbnan: Ayn\u0131 tarihten bug\u00fcne 1000\u2019e yak\u0131n \u00e7ocuk katledildi.<br \/>\u0130ran: \u0130srail ve ABD sald\u0131r\u0131lar\u0131nda 200\u2019den fazla \u00e7ocuk hayat\u0131n\u0131 kaybetti.<br \/>Sudan: Nisan 2023\u2019te ba\u015flayan i\u00e7 sava\u015fta binlerce \u00e7ocuk do\u011frudan katledilirken, tetiklenen g\u0131da krizi ve k\u0131tl\u0131k sonucu yar\u0131m milyondan fazla \u00e7ocuk a\u00e7l\u0131k nedeniyle vefat etti.<br \/>Do\u011fu T\u00fcrkistan: Ba\u011f\u0131ms\u0131z kurulu\u015flar\u0131n 2024-2026 raporlar\u0131na g\u00f6re 1 milyona yak\u0131n \u00e7ocuk ailelerinden kopar\u0131ld\u0131.<br \/>Myanmar: UNICEF raporlar\u0131na g\u00f6re 2024\u2019te 750\u2019den fazla \u00e7ocuk \u00f6ld\u00fcr\u00fcld\u00fc veya yaraland\u0131. 500 bin Rohingya \u00e7ocu\u011fu Banglade\u015f\u2019teki m\u00fclteci kamplar\u0131nda b\u00fcy\u00fcyor.<br \/>Ukrayna: 2022\u2019den bu yana 3 bin 200\u2019den fazla \u00e7ocuk hayat\u0131n\u0131 kaybetti.<\/p>\n<p>\u201c\u0130ran\u2019a Sald\u0131r\u0131 T\u00fcm Co\u011frafyaya Yap\u0131lm\u0131\u015ft\u0131r\u201d<br \/>Bug\u00fcn \u0130ran\u2019a y\u00f6nelen Ha\u00e7l\u0131-Siyonist sald\u0131r\u0131s\u0131n\u0131n sadece \u0130ran, Filistin, L\u00fcbnan, Yemen veya Suriye ile s\u0131n\u0131rl\u0131 kalmayaca\u011f\u0131n\u0131, bu sald\u0131rganl\u0131k zincirinin t\u00fcm b\u00f6lgeyi hedef ald\u0131\u011f\u0131n\u0131 belirten Eraslan, \u201c\u0130ran\u2019\u0131n ge\u00e7mi\u015ften bug\u00fcne icra etti\u011fi siyasetin \u0130slam topraklar\u0131nda ne b\u00fcy\u00fck ac\u0131lara yol a\u00e7t\u0131\u011f\u0131n\u0131 elbette biliyoruz. Ancak bug\u00fcn \u0130ran\u2019a a\u00e7\u0131lan sava\u015f\u0131n, \u0130ran\u2019dan \u00f6te t\u00fcm co\u011frafyam\u0131za ve M\u00fcsl\u00fcmanlara kar\u015f\u0131 y\u00fcr\u00fct\u00fclen bir sald\u0131rganl\u0131k oldu\u011funu g\u00f6rmek ve buna g\u00f6re tav\u0131r almak mecburiyetindeyiz. \u0130\u015fgalciler g\u00fc\u00e7lerini art\u0131rmaya ve tehdit g\u00f6rd\u00fckleri t\u00fcm unsurlar\u0131 tasfiye etmeye \u00e7al\u0131\u015f\u0131yorlar\u201d de\u011ferlendirmesinde bulundu.<br \/>\u201cVicdan\u0131 \u015eantajla Rehin Al\u0131nm\u0131\u015f Sistemden Adalet Beklenemez\u201d<br \/>Bat\u0131 d\u00fcnyas\u0131n\u0131n sessizli\u011fini Epstein skandal\u0131 \u00fczerinden ele\u015ftiren \u0130HH Adana Ba\u015fkan\u0131 Eraslan, d\u00fcnya sisteminin zalimleri de\u011fil mazlumlar\u0131 cezaland\u0131rd\u0131\u011f\u0131n\u0131 ifade etti. Bat\u0131l\u0131 ba\u015fkentlerin \u00e7ocuk k\u0131y\u0131m\u0131na \u201csa\u011f\u0131r ve dilsiz\u201d kalmas\u0131n\u0131n tesad\u00fcf olmad\u0131\u011f\u0131n\u0131 belirten Eraslan, s\u00f6zlerini \u015f\u00f6yle tamamlad\u0131:<br \/>\u201cEpstein dosyalar\u0131, Bat\u0131n\u0131n \u2018medeniyet\u2019 maskesi takm\u0131\u015f muktedirlerinin kendi \u00e7\u0131karlar\u0131 ve sapk\u0131nl\u0131klar\u0131 i\u00e7in neler yapabildi\u011fini g\u00f6sterdi. Karar vericilerin \u00f6nemli bir k\u0131sm\u0131 kirli dosyalarla birbirine ba\u011fl\u0131d\u0131r. Epstein adalar\u0131ndaki sapk\u0131n pazarl\u0131klarla ruhu sat\u0131lm\u0131\u015f, vicdan\u0131 \u015fantajla rehin al\u0131nm\u0131\u015f bir sistemden, Gazze\u2019de ya da Sudan\u2019da M\u00fcsl\u00fcman \u00e7ocuklar i\u00e7in adalet beklemek imk\u00e2ns\u0131zd\u0131r. Bu k\u00fcresel \u00e7ark\u0131n di\u015flileri aras\u0131nda ezilen sadece \u00e7ocuklar de\u011fil, t\u00fcm insanl\u0131\u011f\u0131n onurudur. \u0130sl\u00e2m d\u00fcnyas\u0131 mezhep kavgalar\u0131yla kendi i\u00e7ine g\u00f6m\u00fcld\u00fck\u00e7e, bu kirli \u00e7ark masumlar\u0131n kan\u0131yla ya\u011flanmaya devam edecektir. ABD ve \u0130srail\u2019in hukuku hi\u00e7e sayan bu pervas\u0131z sald\u0131rganl\u0131\u011f\u0131na kar\u015f\u0131; ba\u015fta BM olmak \u00fczere t\u00fcm uluslararas\u0131 \u00f6rg\u00fctleri ve b\u00f6lge \u00fclkelerini acilen harekete ge\u00e7meye \u00e7a\u011f\u0131r\u0131yoruz.\u201d<\/p>\n<\/p><\/div>\n","protected":false},"excerpt":{"rendered":"<p>Adana \u0130HH Ba\u015fkan\u0131 Mahmut Eraslan, d\u00fcnyan\u0131n d\u00f6rt bir yan\u0131nda artarak devam eden sivil katliamlar\u0131na ve \u00e7ocuk \u00f6l\u00fcmlerine dikkat \u00e7ekerek, \u0130slam d\u00fcnyas\u0131na acil \u201cortak irade\u201d \u00e7a\u011fr\u0131s\u0131nda bulundu. Emperyalist g\u00fc\u00e7lerin ve Siyonizmin sald\u0131r\u0131lar\u0131na kar\u015f\u0131 57 \u0130slam \u00fclkesinin da\u011f\u0131n\u0131kl\u0131\u011f\u0131na vurgu yapan Eraslan, \u201cKatillerin bombalar\u0131 \u2018\u015eii misin, S\u00fcnni misin?\u2019 diye sormuyor\u201d dedi.Eraslan, k\u00fcresel \u00e7apta ya\u015fanan sava\u015flar, sivil katliamlar\u0131 ve [&hellip;]<\/p>\n","protected":false},"author":1,"featured_media":8181,"comment_status":"open","ping_status":"open","sticky":false,"template":"","format":"standard","meta":{"footnotes":""},"categories":[4],"tags":[],"class_list":["post-8180","post","type-post","status-publish","format-standard","has-post-thumbnail","hentry","category-gundem"],"_links":{"self":[{"href":"https:\/\/adanapostasi.com\/index.php\/wp-json\/wp\/v2\/posts\/8180","targetHints":{"allow":["GET"]}}],"collection":[{"href":"https:\/\/adanapostasi.com\/index.php\/wp-json\/wp\/v2\/posts"}],"about":[{"href":"https:\/\/adanapostasi.com\/index.php\/wp-json\/wp\/v2\/types\/post"}],"author":[{"embeddable":true,"href":"https:\/\/adanapostasi.com\/index.php\/wp-json\/wp\/v2\/users\/1"}],"replies":[{"embeddable":true,"href":"https:\/\/adanapostasi.com\/index.php\/wp-json\/wp\/v2\/comments?post=8180"}],"version-history":[{"count":0,"href":"https:\/\/adanapostasi.com\/index.php\/wp-json\/wp\/v2\/posts\/8180\/revisions"}],"wp:featuredmedia":[{"embeddable":true,"href":"https:\/\/adanapostasi.com\/index.php\/wp-json\/wp\/v2\/media\/8181"}],"wp:attachment":[{"href":"https:\/\/adanapostasi.com\/index.php\/wp-json\/wp\/v2\/media?parent=8180"}],"wp:term":[{"taxonomy":"category","embeddable":true,"href":"https:\/\/adanapostasi.com\/index.php\/wp-json\/wp\/v2\/categories?post=8180"},{"taxonomy":"post_tag","embeddable":true,"href":"https:\/\/adanapostasi.com\/index.php\/wp-json\/wp\/v2\/tags?post=8180"}],"curies":[{"name":"wp","href":"https:\/\/api.w.org\/{rel}","templated":true}]}}