{"id":8182,"date":"2026-03-12T15:15:12","date_gmt":"2026-03-12T12:15:12","guid":{"rendered":"https:\/\/adanapostasi.com\/index.php\/2026\/03\/12\/istiklal-marsi-105-yasinda\/"},"modified":"2026-03-12T15:15:12","modified_gmt":"2026-03-12T12:15:12","slug":"istiklal-marsi-105-yasinda","status":"publish","type":"post","link":"https:\/\/adanapostasi.com\/index.php\/2026\/03\/12\/istiklal-marsi-105-yasinda\/","title":{"rendered":"\u0130stiklal Mar\u015f\u0131 105 ya\u015f\u0131nda"},"content":{"rendered":"<p><\/p>\n<div property=\"articleBody\" id=\"detailcontent\">\n<p>Mehmet Akif Ersoy\u2019un kaleminden \u00e7\u0131kan dizeler, i\u015fgal alt\u0131ndaki Anadolu\u2019da umudun ve direni\u015fin simgesi oldu. Mar\u015f\u0131n ilk kelimesi \u201cKorkma\u201d, karanl\u0131k g\u00fcnlerde yak\u0131lan cesaret me\u015falesi olarak tarih sahnesine \u00e7\u0131kt\u0131.<\/p>\n<p dataend=\"890\" datastart=\"545\">\u0130stiklal Mar\u015f\u0131, cephede sava\u015fan askerlere moral, Anadolu halk\u0131na ise umut verdi. Yar\u0131\u015fma i\u00e7in g\u00f6nderilen y\u00fczlerce \u015fiir aras\u0131ndan se\u00e7ilen eser, d\u00f6nemin ruhunu en g\u00fc\u00e7l\u00fc \u015fekilde yans\u0131tan metin olarak \u00f6ne \u00e7\u0131kt\u0131. Gazi Mustafa Kemal Atat\u00fcrk, mar\u015f\u0131n \u00f6nemini, \u201cBu mar\u015f, ink\u0131lab\u0131m\u0131z\u0131n ruhunu anlat\u0131r ve asla unutturulmamal\u0131d\u0131r\u201d s\u00f6zleriyle vurgulam\u0131\u015ft\u0131.<\/p>\n<h2 dataend=\"926\" datasectionid=\"1nstmx4\" datastart=\"892\"><strong>Akif\u2019in dizeleri yol g\u00f6sterdi<\/strong><\/h2>\n<p dataend=\"1192\" datastart=\"928\">Mehmet Akif Ersoy, \u0130stiklal Mar\u015f\u0131\u2019n\u0131 kaleme al\u0131rken maddi zorluklar ya\u015fad\u0131, ancak 500 liral\u0131k \u00f6d\u00fcl\u00fc kabul etmedi ve mar\u015f\u0131 Safahat kitab\u0131na almad\u0131. Mar\u015f, k\u0131sa s\u00fcrede \u0130ngilizce, Almanca, Frans\u0131zca, Macarca ve Fars\u00e7a\u2019ya \u00e7evrilerek yurti\u00e7inde ve yurtd\u0131\u015f\u0131nda yay\u0131ld\u0131.<\/p>\n<h2 dataend=\"1227\" datasectionid=\"9f6ukm\" datastart=\"1194\"><strong>Meclis\u2019te Co\u015fkulu \u0130lk Okunu\u015f<\/strong><\/h2>\n<p dataend=\"1394\" datastart=\"1229\">Mar\u015f, 12 Mart 1921\u2019de Hamdullah Suphi Tanr\u0131\u00f6ver taraf\u0131ndan TBMM k\u00fcrs\u00fcs\u00fcnden okundu ve milletvekilleri b\u00fcy\u00fck bir co\u015fku ya\u015fad\u0131. \u015eiir, o g\u00fcn tam d\u00f6rt kez tekrarland\u0131.<\/p>\n<p dataend=\"1394\" datastart=\"1229\">1921\u2019in ba\u015flar\u0131nda Ankara\u2019ya gelen Mehmet Akif, Mill\u00ee M\u00fccadele d\u00f6neminde Taceddin Derg\u00e2h\u0131\u2019nda k\u00fc\u00e7\u00fck bir odada kalm\u0131\u015f ve \u0130stiklal Mar\u015f\u0131\u2019n\u0131 burada kaleme alm\u0131\u015ft\u0131. Derg\u00e2h, o d\u00f6nemde hem din \u00e2limlerinin hem de ayd\u0131nlar\u0131n u\u011frak noktas\u0131 olarak biliniyordu.<\/p>\n<\/div>\n","protected":false},"excerpt":{"rendered":"<p>Mehmet Akif Ersoy\u2019un kaleminden \u00e7\u0131kan dizeler, i\u015fgal alt\u0131ndaki Anadolu\u2019da umudun ve direni\u015fin simgesi oldu. Mar\u015f\u0131n ilk kelimesi \u201cKorkma\u201d, karanl\u0131k g\u00fcnlerde yak\u0131lan cesaret me\u015falesi olarak tarih sahnesine \u00e7\u0131kt\u0131. \u0130stiklal Mar\u015f\u0131, cephede sava\u015fan askerlere moral, Anadolu halk\u0131na ise umut verdi. Yar\u0131\u015fma i\u00e7in g\u00f6nderilen y\u00fczlerce \u015fiir aras\u0131ndan se\u00e7ilen eser, d\u00f6nemin ruhunu en g\u00fc\u00e7l\u00fc \u015fekilde yans\u0131tan metin olarak \u00f6ne [&hellip;]<\/p>\n","protected":false},"author":1,"featured_media":8183,"comment_status":"open","ping_status":"open","sticky":false,"template":"","format":"standard","meta":{"footnotes":""},"categories":[4],"tags":[],"class_list":["post-8182","post","type-post","status-publish","format-standard","has-post-thumbnail","hentry","category-gundem"],"_links":{"self":[{"href":"https:\/\/adanapostasi.com\/index.php\/wp-json\/wp\/v2\/posts\/8182","targetHints":{"allow":["GET"]}}],"collection":[{"href":"https:\/\/adanapostasi.com\/index.php\/wp-json\/wp\/v2\/posts"}],"about":[{"href":"https:\/\/adanapostasi.com\/index.php\/wp-json\/wp\/v2\/types\/post"}],"author":[{"embeddable":true,"href":"https:\/\/adanapostasi.com\/index.php\/wp-json\/wp\/v2\/users\/1"}],"replies":[{"embeddable":true,"href":"https:\/\/adanapostasi.com\/index.php\/wp-json\/wp\/v2\/comments?post=8182"}],"version-history":[{"count":0,"href":"https:\/\/adanapostasi.com\/index.php\/wp-json\/wp\/v2\/posts\/8182\/revisions"}],"wp:featuredmedia":[{"embeddable":true,"href":"https:\/\/adanapostasi.com\/index.php\/wp-json\/wp\/v2\/media\/8183"}],"wp:attachment":[{"href":"https:\/\/adanapostasi.com\/index.php\/wp-json\/wp\/v2\/media?parent=8182"}],"wp:term":[{"taxonomy":"category","embeddable":true,"href":"https:\/\/adanapostasi.com\/index.php\/wp-json\/wp\/v2\/categories?post=8182"},{"taxonomy":"post_tag","embeddable":true,"href":"https:\/\/adanapostasi.com\/index.php\/wp-json\/wp\/v2\/tags?post=8182"}],"curies":[{"name":"wp","href":"https:\/\/api.w.org\/{rel}","templated":true}]}}