{"id":8188,"date":"2026-03-14T00:58:29","date_gmt":"2026-03-13T21:58:29","guid":{"rendered":"https:\/\/adanapostasi.com\/index.php\/2026\/03\/14\/adanada-turk-kizilaydan-asevi-hizmeti\/"},"modified":"2026-03-14T00:58:29","modified_gmt":"2026-03-13T21:58:29","slug":"adanada-turk-kizilaydan-asevi-hizmeti","status":"publish","type":"post","link":"https:\/\/adanapostasi.com\/index.php\/2026\/03\/14\/adanada-turk-kizilaydan-asevi-hizmeti\/","title":{"rendered":"Adana\u2019da T\u00fcrk K\u0131z\u0131lay\u2019dan A\u015fevi Hizmeti"},"content":{"rendered":"<p><\/p>\n<div property=\"articleBody\">\n<div class=\"cap\">\n<p>                            <img loading=\"lazy\" width=\"740\" height=\"420\" src=\"https:\/\/www..com\/wpcontent\/uploads\/2026\/03\/kizilayin81il81aseviprojesikapsamindaadanadaaseviacildi5740x420.webp\" class=\"attachmentta_single sizeta_single wppostimage\" alt=\"Adana\u2019da T\u00fcrk K\u0131z\u0131lay\u2019dan A\u015fevi Hizmeti\" decoding=\"async\" srcset=\"https:\/\/www..com\/wpcontent\/uploads\/2026\/03\/kizilayin81il81aseviprojesikapsamindaadanadaaseviacildi5740x420.webp 740w, https:\/\/www..com\/wpcontent\/uploads\/2026\/03\/kizilayin81il81aseviprojesikapsamindaadanadaaseviacildi5300x169.webp 300w\" sizes=\"auto, (maxwidth: 740px) 100vw, 740px\"\/><\/p>\n<div class=\"scoptions \">\n<div class=\"flexbetween\">\n<div class=\"scoptionsleft\">\n                                        <a href=\"https:\/\/www..com\/author\/\/\" class=\"scoptionsuser\"><br \/>\n                                                                                            <img decoding=\"async\" src=\"https:\/\/www..com\/wpcontent\/themes\/haberadam\/img\/icons\/user.png\"\/><br \/>\n                                                                                    <\/a><\/p><\/div>\n<\/p><\/div>\n<\/p><\/div>\n<\/p><\/div>\n<p>T\u00fcrk K\u0131z\u0131lay taraf\u0131ndan y\u00fcr\u00fct\u00fclen \u201c81 \u0130lde 81 A\u015fevi\u201d projesi kapsam\u0131nda Adana\u2019da yap\u0131m\u0131 tamamlanan a\u015fevi d\u00fczenlenen t\u00f6renle hizmete a\u00e7\u0131ld\u0131. A\u00e7\u0131l\u0131\u015f t\u00f6renine kent protokol\u00fc, K\u0131z\u0131lay y\u00f6neticileri ve \u00e7ok say\u0131da davetli kat\u0131ld\u0131.<\/p>\n<p>T\u00fcrk K\u0131z\u0131lay\u2019\u0131n 450 bini a\u015fk\u0131n g\u00f6n\u00fcll\u00fcyle b\u00fcy\u00fck bir aile oldu\u011funu belirten Y\u0131lmaz, g\u00f6n\u00fcll\u00fclerin ihtiya\u00e7 duyulan her noktada g\u00f6rev almak i\u00e7in haz\u0131r oldu\u011funu ifade ederek \u015funlar\u0131 s\u00f6yledi:<\/p>\n<p>\u201cG\u00f6n\u00fcll\u00fclerimiz kimin nerede neye ihtiyac\u0131 varsa oraya ko\u015fmak \u00fczere haz\u0131r bekliyor. Yap\u0131lan her ba\u011f\u0131\u015f ve destek bizim enerjimizi ve sorumlulu\u011fumuzu daha da art\u0131r\u0131yor. Bu sorumlulu\u011fu yerine getirmek i\u00e7in T\u00fcrkiye\u2019nin d\u00f6rt bir yan\u0131nda \u00e7al\u0131\u015fmalar\u0131m\u0131za devam ediyoruz.\u201d<\/p>\n<p>Adana\u2019da a\u00e7\u0131lan a\u015fevinin \u00f6nemine de\u011finen Y\u0131lmaz, bu t\u00fcr hizmetlerin toplumsal dayan\u0131\u015fmay\u0131 g\u00fc\u00e7lendirdi\u011fini belirterek, projenin temel amac\u0131n\u0131n ihtiya\u00e7 sahibi vatanda\u015flara d\u00fczenli ve s\u0131cak yemek ula\u015ft\u0131rmak oldu\u011funu dile getirdi. A\u015fevinin ilk etapta g\u00fcnl\u00fck 3 bin ki\u015fiye s\u0131cak yemek hizmeti verecek kapasitede oldu\u011funu aktaran Y\u0131lmaz, gerekli durumlarda bu kapasitenin 11 bine hatta 30 bine kadar \u00e7\u0131kar\u0131labilecek \u015fekilde planland\u0131\u011f\u0131n\u0131 ifade etti.<\/p>\n<p>Y\u0131lmaz, \u00f6zellikle afet d\u00f6nemlerinde bu t\u00fcr merkezlerin b\u00fcy\u00fck \u00f6nem ta\u015f\u0131d\u0131\u011f\u0131na dikkat \u00e7ekerek \u015f\u00f6yle konu\u015ftu:<\/p>\n<p>\u201cBizler 81 ilimizde bu a\u015fevlerini a\u00e7mak istiyoruz. Bu a\u015fevlerinden her g\u00fcn y\u00fczlerce arac\u0131m\u0131z on binlerce b\u00fcy\u00fc\u011f\u00fcm\u00fcze do\u011fru yola \u00e7\u0131ks\u0131n. T\u00fcrkiye\u2019nin k\u0131ymetli halk\u0131 el ele vererek hi\u00e7bir vatanda\u015f\u0131m\u0131z\u0131n yaln\u0131z kalmamas\u0131n\u0131 sa\u011flas\u0131n. Ana hedefimiz, ihtiya\u00e7 sahibi hi\u00e7bir insan\u0131m\u0131z\u0131n kendini yaln\u0131z hissetmemesidir.\u201d<\/p>\n<p>T\u00f6rende konu\u015fan Mustafa Yavuz da Adana\u2019da hizmete giren a\u015fevinin sosyal dayan\u0131\u015fma a\u00e7\u0131s\u0131ndan \u00f6nemli bir g\u00f6rev \u00fcstlenece\u011fini belirterek eme\u011fi ge\u00e7en herkese te\u015fekk\u00fcr etti. Yavuz, devlet kurumlar\u0131 ile sivil toplum kurulu\u015flar\u0131n\u0131n i\u015f birli\u011fi i\u00e7erisinde y\u00fcr\u00fctt\u00fc\u011f\u00fc bu t\u00fcr projelerin toplumsal birlik ve beraberli\u011fi g\u00fc\u00e7lendirdi\u011fini s\u00f6yledi.<\/p>\n<p>Konu\u015fmalar\u0131n ard\u0131ndan protokol \u00fcyeleri taraf\u0131ndan a\u015fevinin a\u00e7\u0131l\u0131\u015f\u0131 ger\u00e7ekle\u015ftirildi. Program kapsam\u0131nda davetlilere a\u015fevi hakk\u0131nda bilgi verilirken, merkezde haz\u0131rlanan yemeklerin ihtiya\u00e7 sahiplerine nas\u0131l ula\u015ft\u0131r\u0131laca\u011f\u0131na dair bilgilendirme de yap\u0131ld\u0131.<\/p>\n<p>A\u00e7\u0131l\u0131\u015f t\u00f6renine ayr\u0131ca Yusuf Ramazan Sayg\u0131l\u0131 ile \u00fcnl\u00fc \u015fef Mehmet Yal\u00e7\u0131nkaya da kat\u0131ld\u0131. Protokol \u00fcyeleri a\u015fevini gezerek yetkililerden \u00e7al\u0131\u015fmalar hakk\u0131nda bilgi ald\u0131.<\/p>\n<p>T\u00fcrk K\u0131z\u0131lay\u2019\u0131n hayata ge\u00e7irdi\u011fi bu proje kapsam\u0131nda T\u00fcrkiye genelinde kurulacak a\u015fevleri arac\u0131l\u0131\u011f\u0131yla ihtiya\u00e7 sahibi vatanda\u015flara d\u00fczenli s\u0131cak yemek ula\u015ft\u0131r\u0131lmas\u0131 ve afet durumlar\u0131nda h\u0131zl\u0131 \u015fekilde g\u0131da deste\u011fi sa\u011flanmas\u0131 hedefleniyor.<\/p>\n<\/p><\/div>\n","protected":false},"excerpt":{"rendered":"<p>T\u00fcrk K\u0131z\u0131lay taraf\u0131ndan y\u00fcr\u00fct\u00fclen \u201c81 \u0130lde 81 A\u015fevi\u201d projesi kapsam\u0131nda Adana\u2019da yap\u0131m\u0131 tamamlanan a\u015fevi d\u00fczenlenen t\u00f6renle hizmete a\u00e7\u0131ld\u0131. A\u00e7\u0131l\u0131\u015f t\u00f6renine kent protokol\u00fc, K\u0131z\u0131lay y\u00f6neticileri ve \u00e7ok say\u0131da davetli kat\u0131ld\u0131. T\u00fcrk K\u0131z\u0131lay\u2019\u0131n 450 bini a\u015fk\u0131n g\u00f6n\u00fcll\u00fcyle b\u00fcy\u00fck bir aile oldu\u011funu belirten Y\u0131lmaz, g\u00f6n\u00fcll\u00fclerin ihtiya\u00e7 duyulan her noktada g\u00f6rev almak i\u00e7in haz\u0131r oldu\u011funu ifade ederek \u015funlar\u0131 s\u00f6yledi: [&hellip;]<\/p>\n","protected":false},"author":1,"featured_media":8189,"comment_status":"open","ping_status":"open","sticky":false,"template":"","format":"standard","meta":{"footnotes":""},"categories":[4],"tags":[],"class_list":["post-8188","post","type-post","status-publish","format-standard","has-post-thumbnail","hentry","category-gundem"],"_links":{"self":[{"href":"https:\/\/adanapostasi.com\/index.php\/wp-json\/wp\/v2\/posts\/8188","targetHints":{"allow":["GET"]}}],"collection":[{"href":"https:\/\/adanapostasi.com\/index.php\/wp-json\/wp\/v2\/posts"}],"about":[{"href":"https:\/\/adanapostasi.com\/index.php\/wp-json\/wp\/v2\/types\/post"}],"author":[{"embeddable":true,"href":"https:\/\/adanapostasi.com\/index.php\/wp-json\/wp\/v2\/users\/1"}],"replies":[{"embeddable":true,"href":"https:\/\/adanapostasi.com\/index.php\/wp-json\/wp\/v2\/comments?post=8188"}],"version-history":[{"count":0,"href":"https:\/\/adanapostasi.com\/index.php\/wp-json\/wp\/v2\/posts\/8188\/revisions"}],"wp:featuredmedia":[{"embeddable":true,"href":"https:\/\/adanapostasi.com\/index.php\/wp-json\/wp\/v2\/media\/8189"}],"wp:attachment":[{"href":"https:\/\/adanapostasi.com\/index.php\/wp-json\/wp\/v2\/media?parent=8188"}],"wp:term":[{"taxonomy":"category","embeddable":true,"href":"https:\/\/adanapostasi.com\/index.php\/wp-json\/wp\/v2\/categories?post=8188"},{"taxonomy":"post_tag","embeddable":true,"href":"https:\/\/adanapostasi.com\/index.php\/wp-json\/wp\/v2\/tags?post=8188"}],"curies":[{"name":"wp","href":"https:\/\/api.w.org\/{rel}","templated":true}]}}