{"id":8197,"date":"2026-03-16T01:08:20","date_gmt":"2026-03-15T22:08:20","guid":{"rendered":"https:\/\/adanapostasi.com\/index.php\/2026\/03\/16\/rtuk-baskani-mehmet-danisten-15-mart-uluslararasi-islamofobi-ile-mucadele-gunu-mesaji\/"},"modified":"2026-03-16T01:08:20","modified_gmt":"2026-03-15T22:08:20","slug":"rtuk-baskani-mehmet-danisten-15-mart-uluslararasi-islamofobi-ile-mucadele-gunu-mesaji","status":"publish","type":"post","link":"https:\/\/adanapostasi.com\/index.php\/2026\/03\/16\/rtuk-baskani-mehmet-danisten-15-mart-uluslararasi-islamofobi-ile-mucadele-gunu-mesaji\/","title":{"rendered":"RT\u00dcK Ba\u015fkan\u0131 Mehmet Dani\u015f\u2019ten 15 Mart Uluslararas\u0131 \u0130slamofobi ile M\u00fccadele G\u00fcn\u00fc mesaj\u0131"},"content":{"rendered":"<p><\/p>\n<div property=\"articleBody\" id=\"detailcontent\">\n<p>RT\u00dcK Ba\u015fkan\u0131 Dani\u015f, 15 Mart\u2019\u0131n uluslararas\u0131 toplumda nefret, ayr\u0131mc\u0131l\u0131k ve \u00f6nyarg\u0131ya kar\u015f\u0131 fark\u0131ndal\u0131k olu\u015fturmak amac\u0131yla ilan edilen \u00f6nemli bir g\u00fcn oldu\u011funu belirtti. A\u00e7\u0131klamada, yak\u0131n tarihte inanc\u0131 ve kimli\u011fi nedeniyle hedef al\u0131nan insanlara y\u00f6nelik sald\u0131r\u0131lar\u0131n insanl\u0131k tarihinde derin izler b\u0131rakt\u0131\u011f\u0131 ifade edildi.<\/p>\n<p>Bu kapsamda Avrupa\u2019da ya\u015fanan Srebrenitsa Katliam\u0131, 2017 y\u0131l\u0131nda Kanada\u2019n\u0131n Quebec kentindeki cami sald\u0131r\u0131s\u0131, 2019\u2019da Yeni Zelanda\u2019n\u0131n Christchurch kentinde iki camiye d\u00fczenlenen Christchurch Cami Sald\u0131r\u0131lar\u0131, 2021\u2019de Kanada\u2019n\u0131n Ontario eyaletinde M\u00fcsl\u00fcman bir ailenin ara\u00e7la hedef al\u0131nmas\u0131, 2022\u2019de ABD\u2019de ya\u015fanan Albuquerque M\u00fcsl\u00fcman Cinayetleri ve 2024 y\u0131l\u0131nda Kanada\u2019da Ottawa Camii\u2019ne y\u00f6nelik kundaklama giri\u015fimi gibi olaylara de\u011finildi.<\/p>\n<p>A\u00e7\u0131klamada ayr\u0131ca, farkl\u0131 \u00fclkelerde ya\u015fanan bu t\u00fcr sald\u0131r\u0131lar\u0131n nefret ve a\u015f\u0131r\u0131c\u0131l\u0131\u011f\u0131n k\u00fcresel \u00f6l\u00e7ekte y\u0131k\u0131c\u0131 sonu\u00e7lar do\u011furabilece\u011fini g\u00f6sterdi\u011fi belirtildi. G\u00fcn\u00fcm\u00fczde ise Gazze\u2019de ya\u015fanan geli\u015fmelerin sivillerin, kad\u0131nlar\u0131n ve \u00e7ocuklar\u0131n maruz kald\u0131\u011f\u0131 insani tablo nedeniyle uluslararas\u0131 toplumun dikkatini \u00e7ekti\u011fi ifade edildi.<\/p>\n<p>RT\u00dcK Ba\u015fkan\u0131 Dani\u015f, insan hayat\u0131 ve insan onurunun korunmas\u0131n\u0131n t\u00fcm toplumlar\u0131n ortak sorumlulu\u011fu oldu\u011funu belirterek, nefret s\u00f6yleminin zamanla ayr\u0131mc\u0131l\u0131\u011fa ve \u015fiddete d\u00f6n\u00fc\u015febildi\u011fini kaydetti. Bu s\u00fcre\u00e7te  ve yay\u0131nc\u0131l\u0131\u011f\u0131n toplumlar\u0131n birbirini anlamas\u0131nda ve do\u011fru bilginin yay\u0131lmas\u0131nda \u00f6nemli rol \u00fcstlendi\u011fi ifade edildi.<\/p>\n<p>S\u00f6z konusu programlarda \u0130slamofobi ile m\u00fccadele y\u00f6ntemlerinin akademisyenler, b\u00fcrokratlar ve  uzmanlar\u0131 taraf\u0131ndan ele al\u0131nd\u0131\u011f\u0131,  odakl\u0131 fark\u0131ndal\u0131\u011f\u0131n art\u0131r\u0131lmas\u0131 ve kurumsal i\u015f birli\u011finin g\u00fc\u00e7lendirilmesinin hedeflendi\u011fi belirtildi.<\/p>\n<\/div>\n","protected":false},"excerpt":{"rendered":"<p>RT\u00dcK Ba\u015fkan\u0131 Dani\u015f, 15 Mart\u2019\u0131n uluslararas\u0131 toplumda nefret, ayr\u0131mc\u0131l\u0131k ve \u00f6nyarg\u0131ya kar\u015f\u0131 fark\u0131ndal\u0131k olu\u015fturmak amac\u0131yla ilan edilen \u00f6nemli bir g\u00fcn oldu\u011funu belirtti. A\u00e7\u0131klamada, yak\u0131n tarihte inanc\u0131 ve kimli\u011fi nedeniyle hedef al\u0131nan insanlara y\u00f6nelik sald\u0131r\u0131lar\u0131n insanl\u0131k tarihinde derin izler b\u0131rakt\u0131\u011f\u0131 ifade edildi. Bu kapsamda Avrupa\u2019da ya\u015fanan Srebrenitsa Katliam\u0131, 2017 y\u0131l\u0131nda Kanada\u2019n\u0131n Quebec kentindeki cami sald\u0131r\u0131s\u0131, 2019\u2019da [&hellip;]<\/p>\n","protected":false},"author":1,"featured_media":8198,"comment_status":"open","ping_status":"open","sticky":false,"template":"","format":"standard","meta":{"footnotes":""},"categories":[4],"tags":[],"class_list":["post-8197","post","type-post","status-publish","format-standard","has-post-thumbnail","hentry","category-gundem"],"_links":{"self":[{"href":"https:\/\/adanapostasi.com\/index.php\/wp-json\/wp\/v2\/posts\/8197","targetHints":{"allow":["GET"]}}],"collection":[{"href":"https:\/\/adanapostasi.com\/index.php\/wp-json\/wp\/v2\/posts"}],"about":[{"href":"https:\/\/adanapostasi.com\/index.php\/wp-json\/wp\/v2\/types\/post"}],"author":[{"embeddable":true,"href":"https:\/\/adanapostasi.com\/index.php\/wp-json\/wp\/v2\/users\/1"}],"replies":[{"embeddable":true,"href":"https:\/\/adanapostasi.com\/index.php\/wp-json\/wp\/v2\/comments?post=8197"}],"version-history":[{"count":0,"href":"https:\/\/adanapostasi.com\/index.php\/wp-json\/wp\/v2\/posts\/8197\/revisions"}],"wp:featuredmedia":[{"embeddable":true,"href":"https:\/\/adanapostasi.com\/index.php\/wp-json\/wp\/v2\/media\/8198"}],"wp:attachment":[{"href":"https:\/\/adanapostasi.com\/index.php\/wp-json\/wp\/v2\/media?parent=8197"}],"wp:term":[{"taxonomy":"category","embeddable":true,"href":"https:\/\/adanapostasi.com\/index.php\/wp-json\/wp\/v2\/categories?post=8197"},{"taxonomy":"post_tag","embeddable":true,"href":"https:\/\/adanapostasi.com\/index.php\/wp-json\/wp\/v2\/tags?post=8197"}],"curies":[{"name":"wp","href":"https:\/\/api.w.org\/{rel}","templated":true}]}}