{"id":8203,"date":"2026-03-17T15:53:16","date_gmt":"2026-03-17T12:53:16","guid":{"rendered":"https:\/\/adanapostasi.com\/index.php\/2026\/03\/17\/adanada-sivil-toplum-ve-egitim-camiasi-iftar-sofrasinda-bulustu-hdh-medya\/"},"modified":"2026-03-17T15:53:16","modified_gmt":"2026-03-17T12:53:16","slug":"adanada-sivil-toplum-ve-egitim-camiasi-iftar-sofrasinda-bulustu-hdh-medya","status":"publish","type":"post","link":"https:\/\/adanapostasi.com\/index.php\/2026\/03\/17\/adanada-sivil-toplum-ve-egitim-camiasi-iftar-sofrasinda-bulustu-hdh-medya\/","title":{"rendered":"Adana\u2019da sivil toplum ve e\u011fitim camias\u0131 iftar sofras\u0131nda bulu\u015ftu \u2013 HDH Medya"},"content":{"rendered":"<p><\/p>\n<div property=\"articleBody\">\n<div class=\"cap\">\n<p>                            <img loading=\"lazy\" width=\"740\" height=\"420\" src=\"https:\/\/www.hdhmedya.com\/wp-content\/uploads\/2026\/03\/Adanada-sivil-toplum-ve-egitim-camiasi-iftar-sofrasinda-bulustu-740x420.webp\" class=\"attachment-ta_single size-ta_single wp-post-image\" alt=\"Adana\u2019da sivil toplum ve e\u011fitim camias\u0131 iftar sofras\u0131nda bulu\u015ftu\" decoding=\"async\"\/><\/p>\n<div class=\"sc-options \">\n<div class=\"flex-between\">\n<div class=\"sc-options-left\">\n                                        <a href=\"https:\/\/www.hdhmedya.com\/author\/hdhmedya\/\" class=\"sc-options-user\"><br \/>\n                                                                                            <img decoding=\"async\" src=\"https:\/\/www.hdhmedya.com\/wp-content\/themes\/haberadam\/img\/icons\/user.png\"\/><br \/>\n                                                                                    <\/a><\/p><\/div>\n<\/p><\/div>\n<\/p><\/div>\n<\/p><\/div>\n<blockquote class=\"wp-block-quote is-layout-flow wp-block-quote-is-layout-flow\">\n<p>Adana Sivil \u0130nisiyatif Meclisi (AS\u0130M) taraf\u0131ndan, E\u011fitim-Bir-Sen Adana \u015eubesi ev sahipli\u011finde d\u00fczenlenen geleneksel iftar program\u0131; kentin m\u00fclki idare, akademi, e\u011fitim ve sivil toplum temsilcilerini bir araya getirdi.<\/p>\n<\/blockquote>\n<p><strong>BHA- ADANA <\/strong><\/p>\n<p>Adana \u00d6\u011fretmenevi\u2019nde Kur\u2019an-\u0131 Kerim tilavetiyle ba\u015flayan programa, \u00e7ok say\u0131da sivil toplum kurulu\u015funun ba\u015fkan ve y\u00f6neticisi kat\u0131ld\u0131. Program\u0131n a\u00e7\u0131l\u0131\u015f konu\u015fmas\u0131n\u0131 yapan E\u011fitim-Bir-Sen Adana \u015eube Ba\u015fkan\u0131 Mustafa Sar\u0131ge\u00e7ili, kat\u0131l\u0131mc\u0131lara te\u015fekk\u00fcr ederek birlik ve beraberlik vurgusu yapt\u0131.<\/p>\n<p>Sar\u0131ge\u00e7ili, \u201cAyn\u0131 sofrada birlik, ayn\u0131 duada karde\u015flik \u015fiar\u0131yla bir araya geldi\u011fimiz bu m\u00fcstesna ak\u015famda g\u00f6n\u00fcl ba\u011flar\u0131m\u0131z\u0131 bir kez daha tazeliyoruz. Ramazan\u2019\u0131n bereketini, dayan\u0131\u015fman\u0131n e\u015fsiz ruhuyla birle\u015ftirdi\u011fimiz bu masalarda Adana\u2019m\u0131z\u0131n sivil toplum g\u00fcc\u00fcn\u00fc payla\u015fmaktan onur duyuyoruz. Bizleri ayn\u0131 sofrada bulu\u015fturan Rabbimize \u015f\u00fck\u00fcrler olsun\u201d ifadelerini kulland\u0131.<\/p>\n<p>AS\u0130M Ba\u015fkan\u0131 Mehmet Co\u015fkun da konu\u015fmas\u0131nda, sivil toplum kurulu\u015flar\u0131n\u0131n kent dinamikleri a\u00e7\u0131s\u0131ndan ta\u015f\u0131d\u0131\u011f\u0131 \u00f6neme dikkat \u00e7ekti. Co\u015fkun, \u201cAS\u0130M ailesi olarak Ramazan ay\u0131n\u0131n birle\u015ftirici ve rahmet dolu ikliminde, sivil toplum kurulu\u015flar\u0131m\u0131z\u0131n k\u0131ymetli temsilcileri ve kent protokol\u00fcm\u00fczle omuz omuza olmaktan b\u00fcy\u00fck mutluluk duyuyoruz. Karde\u015flik ba\u011flar\u0131m\u0131z\u0131 per\u00e7inleyen bu g\u00fczel iftar sofras\u0131na ev sahipli\u011fi yapan E\u011fitim-Bir-Sen ailesine ve kat\u0131l\u0131mlar\u0131yla g\u00fcc\u00fcm\u00fcze g\u00fc\u00e7 katan t\u00fcm davetlilere \u015f\u00fckranlar\u0131m\u0131 sunuyorum\u201d dedi.<\/p>\n<p>Seyhan Kaymakam\u0131 Ekrem \u0130nci ise konu\u015fmas\u0131nda Ramazan ay\u0131n\u0131n toplumsal hayattaki yerine ve sivil toplumun \u00f6nemine i\u015faret etti. \u0130nci, \u201cRamazan ay\u0131; yard\u0131mla\u015fma, ho\u015fg\u00f6r\u00fc ve kayna\u015fma duygular\u0131n\u0131n en \u00fcst seviyeye ula\u015ft\u0131\u011f\u0131 bereketli bir zaman dilimidir. Bug\u00fcn burada devletimizin kurumlar\u0131 ile sivil toplum kurulu\u015flar\u0131m\u0131z\u0131n b\u00f6ylesine g\u00fc\u00e7l\u00fc bir ba\u011f ve uyum i\u00e7inde ayn\u0131 sofrada bulu\u015fmas\u0131, kentimiz ad\u0131na gurur vericidir\u201d diye konu\u015ftu.<\/p>\n<p>Ak\u015fam ezan\u0131yla birlikte oru\u00e7lar\u0131n a\u00e7\u0131lmas\u0131n\u0131n ard\u0131ndan program, edilen dualar ve kent g\u00fcndemine dair kar\u015f\u0131l\u0131kl\u0131 isti\u015farelerle sona erdi.<\/p>\n<\/p><\/div>\n","protected":false},"excerpt":{"rendered":"<p>Adana Sivil \u0130nisiyatif Meclisi (AS\u0130M) taraf\u0131ndan, E\u011fitim-Bir-Sen Adana \u015eubesi ev sahipli\u011finde d\u00fczenlenen geleneksel iftar program\u0131; kentin m\u00fclki idare, akademi, e\u011fitim ve sivil toplum temsilcilerini bir araya getirdi. BHA- ADANA Adana \u00d6\u011fretmenevi\u2019nde Kur\u2019an-\u0131 Kerim tilavetiyle ba\u015flayan programa, \u00e7ok say\u0131da sivil toplum kurulu\u015funun ba\u015fkan ve y\u00f6neticisi kat\u0131ld\u0131. Program\u0131n a\u00e7\u0131l\u0131\u015f konu\u015fmas\u0131n\u0131 yapan E\u011fitim-Bir-Sen Adana \u015eube Ba\u015fkan\u0131 Mustafa Sar\u0131ge\u00e7ili, [&hellip;]<\/p>\n","protected":false},"author":1,"featured_media":8204,"comment_status":"open","ping_status":"open","sticky":false,"template":"","format":"standard","meta":{"footnotes":""},"categories":[4],"tags":[],"class_list":["post-8203","post","type-post","status-publish","format-standard","has-post-thumbnail","hentry","category-gundem"],"_links":{"self":[{"href":"https:\/\/adanapostasi.com\/index.php\/wp-json\/wp\/v2\/posts\/8203","targetHints":{"allow":["GET"]}}],"collection":[{"href":"https:\/\/adanapostasi.com\/index.php\/wp-json\/wp\/v2\/posts"}],"about":[{"href":"https:\/\/adanapostasi.com\/index.php\/wp-json\/wp\/v2\/types\/post"}],"author":[{"embeddable":true,"href":"https:\/\/adanapostasi.com\/index.php\/wp-json\/wp\/v2\/users\/1"}],"replies":[{"embeddable":true,"href":"https:\/\/adanapostasi.com\/index.php\/wp-json\/wp\/v2\/comments?post=8203"}],"version-history":[{"count":0,"href":"https:\/\/adanapostasi.com\/index.php\/wp-json\/wp\/v2\/posts\/8203\/revisions"}],"wp:featuredmedia":[{"embeddable":true,"href":"https:\/\/adanapostasi.com\/index.php\/wp-json\/wp\/v2\/media\/8204"}],"wp:attachment":[{"href":"https:\/\/adanapostasi.com\/index.php\/wp-json\/wp\/v2\/media?parent=8203"}],"wp:term":[{"taxonomy":"category","embeddable":true,"href":"https:\/\/adanapostasi.com\/index.php\/wp-json\/wp\/v2\/categories?post=8203"},{"taxonomy":"post_tag","embeddable":true,"href":"https:\/\/adanapostasi.com\/index.php\/wp-json\/wp\/v2\/tags?post=8203"}],"curies":[{"name":"wp","href":"https:\/\/api.w.org\/{rel}","templated":true}]}}