{"id":8323,"date":"2026-04-26T04:37:23","date_gmt":"2026-04-26T01:37:23","guid":{"rendered":"https:\/\/adanapostasi.com\/index.php\/2026\/04\/26\/istanbulda-100-bin-sosyal-konut-icin-kura-sureci-basliyor\/"},"modified":"2026-04-26T04:37:23","modified_gmt":"2026-04-26T01:37:23","slug":"istanbulda-100-bin-sosyal-konut-icin-kura-sureci-basliyor","status":"publish","type":"post","link":"https:\/\/adanapostasi.com\/index.php\/2026\/04\/26\/istanbulda-100-bin-sosyal-konut-icin-kura-sureci-basliyor\/","title":{"rendered":"\u0130stanbul\u2019da 100 bin sosyal konut i\u00e7in kura s\u00fcreci ba\u015fl\u0131yor"},"content":{"rendered":"<p><\/p>\n<div property=\"articleBody\" id=\"detailcontent\">\n<p dataend=\"419\" datastart=\"244\">\u00c7evre, \u015eehircilik ve \u0130klim De\u011fi\u015fikli\u011fi Bakanl\u0131\u011f\u0131 koordinasyonunda y\u00fcr\u00fct\u00fclen 500 bin sosyal konut projesinin \u0130stanbul aya\u011f\u0131nda 100 bin konut i\u00e7in kura \u00e7ekimleri bug\u00fcn ba\u015fl\u0131yor.<\/p>\n<p dataend=\"837\" datastart=\"629\">Kuralar\u0131n tamamlanmas\u0131n\u0131n ard\u0131ndan \u0130stanbul\u2019da in\u015faat \u00e7al\u0131\u015fmalar\u0131na h\u0131z verilecek. Belirlenen takvime g\u00f6re konutlar\u0131n, kura tarihinden itibaren en ge\u00e7 2 y\u0131l i\u00e7inde hak sahiplerine teslim edilmesi planlan\u0131yor.<\/p>\n<p dataend=\"1000\" dataislastnode=\"\" dataisonlynode=\"\" datastart=\"839\">\u00d6te yandan, \u015fehirdeki kira sorununa \u00e7\u00f6z\u00fcm amac\u0131yla geli\u015ftirilen kiral\u0131k konut modeli kapsam\u0131nda da TOK\u0130 taraf\u0131ndan in\u015faat \u00e7al\u0131\u015fmalar\u0131n\u0131n ba\u015flat\u0131ld\u0131\u011f\u0131 bildirildi.<\/p>\n<\/div>\n","protected":false},"excerpt":{"rendered":"<p>\u00c7evre, \u015eehircilik ve \u0130klim De\u011fi\u015fikli\u011fi Bakanl\u0131\u011f\u0131 koordinasyonunda y\u00fcr\u00fct\u00fclen 500 bin sosyal konut projesinin \u0130stanbul aya\u011f\u0131nda 100 bin konut i\u00e7in kura \u00e7ekimleri bug\u00fcn ba\u015fl\u0131yor. Kuralar\u0131n tamamlanmas\u0131n\u0131n ard\u0131ndan \u0130stanbul\u2019da in\u015faat \u00e7al\u0131\u015fmalar\u0131na h\u0131z verilecek. Belirlenen takvime g\u00f6re konutlar\u0131n, kura tarihinden itibaren en ge\u00e7 2 y\u0131l i\u00e7inde hak sahiplerine teslim edilmesi planlan\u0131yor. \u00d6te yandan, \u015fehirdeki kira sorununa \u00e7\u00f6z\u00fcm amac\u0131yla [&hellip;]<\/p>\n","protected":false},"author":1,"featured_media":8324,"comment_status":"open","ping_status":"open","sticky":false,"template":"","format":"standard","meta":{"footnotes":""},"categories":[4],"tags":[],"class_list":["post-8323","post","type-post","status-publish","format-standard","has-post-thumbnail","hentry","category-gundem"],"_links":{"self":[{"href":"https:\/\/adanapostasi.com\/index.php\/wp-json\/wp\/v2\/posts\/8323","targetHints":{"allow":["GET"]}}],"collection":[{"href":"https:\/\/adanapostasi.com\/index.php\/wp-json\/wp\/v2\/posts"}],"about":[{"href":"https:\/\/adanapostasi.com\/index.php\/wp-json\/wp\/v2\/types\/post"}],"author":[{"embeddable":true,"href":"https:\/\/adanapostasi.com\/index.php\/wp-json\/wp\/v2\/users\/1"}],"replies":[{"embeddable":true,"href":"https:\/\/adanapostasi.com\/index.php\/wp-json\/wp\/v2\/comments?post=8323"}],"version-history":[{"count":0,"href":"https:\/\/adanapostasi.com\/index.php\/wp-json\/wp\/v2\/posts\/8323\/revisions"}],"wp:featuredmedia":[{"embeddable":true,"href":"https:\/\/adanapostasi.com\/index.php\/wp-json\/wp\/v2\/media\/8324"}],"wp:attachment":[{"href":"https:\/\/adanapostasi.com\/index.php\/wp-json\/wp\/v2\/media?parent=8323"}],"wp:term":[{"taxonomy":"category","embeddable":true,"href":"https:\/\/adanapostasi.com\/index.php\/wp-json\/wp\/v2\/categories?post=8323"},{"taxonomy":"post_tag","embeddable":true,"href":"https:\/\/adanapostasi.com\/index.php\/wp-json\/wp\/v2\/tags?post=8323"}],"curies":[{"name":"wp","href":"https:\/\/api.w.org\/{rel}","templated":true}]}}