{"id":8325,"date":"2026-04-26T11:49:19","date_gmt":"2026-04-26T08:49:19","guid":{"rendered":"https:\/\/adanapostasi.com\/index.php\/2026\/04\/26\/kurbanim-kardesime-diyerek-iyiligi-dunyaya-tasiyoruz-hdh-medya\/"},"modified":"2026-04-26T11:49:19","modified_gmt":"2026-04-26T08:49:19","slug":"kurbanim-kardesime-diyerek-iyiligi-dunyaya-tasiyoruz-hdh-medya","status":"publish","type":"post","link":"https:\/\/adanapostasi.com\/index.php\/2026\/04\/26\/kurbanim-kardesime-diyerek-iyiligi-dunyaya-tasiyoruz-hdh-medya\/","title":{"rendered":"\u201cKurban\u0131m Karde\u015fime\u201d Diyerek \u0130yili\u011fi D\u00fcnyaya Ta\u015f\u0131yoruz \u2013 HDH Medya"},"content":{"rendered":"<p><\/p>\n<div property=\"articleBody\">\n<div class=\"cap\">\n<p>                            <img loading=\"lazy\" width=\"740\" height=\"420\" src=\"https:\/\/www.hdhmedya.com\/wp-content\/uploads\/2026\/04\/ana-manset-740x420.jpg\" class=\"attachment-ta_single size-ta_single wp-post-image\" alt=\"\u201cKurban\u0131m Karde\u015fime\u201d Diyerek \u0130yili\u011fi D\u00fcnyaya Ta\u015f\u0131yoruz\" decoding=\"async\"\/><\/p>\n<div class=\"sc-options \">\n<div class=\"flex-between\">\n<div class=\"sc-options-left\">\n                                        <a href=\"https:\/\/www.hdhmedya.com\/author\/hdhmedya\/\" class=\"sc-options-user\"><br \/>\n                                                                                            <img decoding=\"async\" src=\"https:\/\/www.hdhmedya.com\/wp-content\/themes\/haberadam\/img\/icons\/user.png\"\/><br \/>\n                                                                                    <\/a><\/p><\/div>\n<\/p><\/div>\n<\/p><\/div>\n<\/p><\/div>\n<p><strong>Kurban Bayram\u0131 yakla\u015f\u0131rken Yediba\u015fak \u0130nsani Yard\u0131m Derne\u011fi, bu y\u0131l da ihtiya\u00e7 sahibi ailelerin y\u00fcz\u00fcn\u00fc g\u00fcld\u00fcrmek i\u00e7in haz\u0131rl\u0131klar\u0131n\u0131 s\u00fcrd\u00fcr\u00fcyor. \u201cKurban\u0131m Karde\u015fime\u201d diyerek yola \u00e7\u0131kan dernek, ba\u011f\u0131\u015f\u00e7\u0131lar\u0131n\u0131n emanetlerini d\u00fcnyan\u0131n d\u00f6rt bir yan\u0131nda ihtiya\u00e7 sahiplerine ula\u015ft\u0131rmay\u0131 hedefliyor.<\/strong><\/p>\n<p><strong>Bu bayramda da niyet; iyili\u011fin en saf haliyle yolunu g\u00f6zleyenlerin kap\u0131s\u0131n\u0131 \u00e7almak, sofralar\u0131na bereket olmak ve bayram sevincini payla\u015fmak. 2026 y\u0131l\u0131 Kurban organizasyonu kapsam\u0131nda, 25 \u00fclkede binlerce mahzun aileye ula\u015f\u0131lmas\u0131 planlan\u0131yor.<\/strong><\/p>\n<p><strong>Belirlenen 2026 y\u0131l\u0131 Kurban hisse bedelleri ise \u015fu \u015fekilde a\u00e7\u0131kland\u0131:<\/strong><\/p>\n<ul class=\"wp-block-list\">\n<li><strong>Gazze Konserve Kurban: 10.500 TL<\/strong><\/li>\n<li><strong>Afrika: 5.500 TL<\/strong><\/li>\n<li><strong>Asya \u00dclkeleri \u2013 Sudan \u2013 Filistin Kamplar\u0131 \/ Suriye: 7.500 TL<\/strong><\/li>\n<li><strong>T\u00fcrkiye \u2013 Balkanlar: 15.000 TL<\/strong><\/li>\n<\/ul>\n<p><strong>Kurban kesimlerinin \u0130slami usullere uygun \u015fekilde ger\u00e7ekle\u015ftirilece\u011fi, kesim i\u015flemi tamamland\u0131ktan sonra ba\u011f\u0131\u015f\u00e7\u0131lara kesim videolar\u0131n\u0131n ula\u015ft\u0131r\u0131laca\u011f\u0131 belirtildi.<\/strong><\/p>\n<p><strong>\u0130nsani yard\u0131m faaliyetleriyle toplumun farkl\u0131 kesimlerine umut olan Yediba\u015fak \u0130nsani Yard\u0131m Derne\u011fi, T\u00fcrkiye\u2019nin bir\u00e7ok noktas\u0131nda oldu\u011fu gibi Adana\u2019da da ihtiya\u00e7 sahiplerine y\u00f6nelik \u00e7al\u0131\u015fmalar\u0131n\u0131 aral\u0131ks\u0131z s\u00fcrd\u00fcr\u00fcyor. Derne\u011fin Adana \u0130l Temsilcisi Mehmet Co\u015fkun, y\u00fcr\u00fct\u00fclen yard\u0131m faaliyetlerini, hedeflerini ve toplumun dayan\u0131\u015fma ruhuna olan inanc\u0131n\u0131 anlatt\u0131.<\/strong><\/p>\n<hr class=\"wp-block-separator has-alpha-channel-opacity\"\/>\n<p><strong>\u00d6ncelikle sizi ve Yediba\u015fak \u0130nsani Yard\u0131m Derne\u011fi Adana \u0130l Temsilcili\u011fi\u2019ni tan\u0131yabilir miyiz?<\/strong><\/p>\n<p><strong>Ben Mehmet Co\u015fkun, Yediba\u015fak \u0130nsani Yard\u0131m Derne\u011fi Adana \u0130l Temsilcisi olarak g\u00f6rev yap\u0131yorum. Derne\u011fimiz; ihtiya\u00e7 sahiplerine yard\u0131m ula\u015ft\u0131rmak, toplumsal dayan\u0131\u015fmay\u0131 g\u00fc\u00e7lendirmek ve insan onuruna yak\u0131\u015f\u0131r bir ya\u015fam i\u00e7in destek olmak amac\u0131yla faaliyet g\u00f6steren bir sivil toplum kurulu\u015fudur.<\/strong><\/p>\n<p><strong>Adana \u0130l Temsilcili\u011fi olarak bizler, sadece belirli d\u00f6nemlerde de\u011fil y\u0131l\u0131n her g\u00fcn\u00fc sahada olmaya gayret ediyoruz. \u00c7\u00fcnk\u00fc ihtiya\u00e7 sahiplerinin sorunlar\u0131 ge\u00e7ici de\u011fil, s\u00fcreklidir. Bu nedenle \u00e7al\u0131\u015fmalar\u0131m\u0131z\u0131 planl\u0131, sistemli ve s\u00fcrd\u00fcr\u00fclebilir bir \u015fekilde y\u00fcr\u00fctmeye \u00f6zen g\u00f6steriyoruz.<\/strong><\/p>\n<hr class=\"wp-block-separator has-alpha-channel-opacity\"\/>\n<p><strong>Adana\u2019da y\u00fcr\u00fctt\u00fc\u011f\u00fcn\u00fcz insani yard\u0131m faaliyetleri hakk\u0131nda detayl\u0131 bilgi verebilir misiniz?<\/strong><\/p>\n<p>Adana \u0130l Temsilcili\u011fi olarak \u00e7ok farkl\u0131 alanlarda yard\u0131m faaliyetleri ger\u00e7ekle\u015ftiriyoruz. Bu faaliyetler, toplumun farkl\u0131 ihtiya\u00e7lar\u0131na cevap verecek \u015fekilde \u00e7e\u015fitleniyor.<\/p>\n<p>Ba\u015fl\u0131ca \u00e7al\u0131\u015fmalar\u0131m\u0131z \u015funlard\u0131r:<\/p>\n<ul class=\"wp-block-list\">\n<li><strong>G\u0131da ve temel ihtiya\u00e7 yard\u0131mlar\u0131:<\/strong><br \/>\u0130htiya\u00e7 sahibi ailelere d\u00fczenli olarak g\u0131da kolileri ula\u015ft\u0131r\u0131yoruz. \u00d6zellikle ekonomik zorluk ya\u015fayan ailelerin mutfak masraflar\u0131na destek olmak bizim i\u00e7in \u00e7ok \u00f6nemli.<\/li>\n<li><strong>Yetim ve ihtiya\u00e7 sahibi \u00e7ocuklara destek:<\/strong><br \/>Yetim \u00e7ocuklar\u0131m\u0131z\u0131n e\u011fitim hayatlar\u0131n\u0131 s\u00fcrd\u00fcrebilmeleri i\u00e7in k\u0131rtasiye yard\u0131m\u0131, burs ve sosyal destek programlar\u0131 d\u00fczenliyoruz.<\/li>\n<li><strong>E\u011fitim destekleri:<\/strong><br \/>Okul \u00e7a\u011f\u0131ndaki \u00e7ocuklar\u0131n e\u011fitimden geri kalmamas\u0131 i\u00e7in k\u0131rtasiye, okul \u00e7antas\u0131 ve e\u011fitim materyalleri sa\u011fl\u0131yoruz. E\u011fitimin, toplumun gelece\u011fini \u015fekillendiren en \u00f6nemli unsur oldu\u011funa inan\u0131yoruz.<\/li>\n<li><strong>Ramazan ve Kurban organizasyonlar\u0131:<\/strong><br \/>Ramazan ay\u0131nda iftar programlar\u0131, erzak yard\u0131mlar\u0131 ve bayram destekleri ger\u00e7ekle\u015ftiriyoruz. Kurban d\u00f6neminde ise ba\u011f\u0131\u015f\u00e7\u0131lar\u0131m\u0131z\u0131n emanetlerini ihtiya\u00e7 sahiplerine ula\u015ft\u0131r\u0131yoruz.<\/li>\n<li><strong>Afet ve acil durum yard\u0131mlar\u0131:<\/strong><br \/>Deprem, sel veya yang\u0131n gibi afet durumlar\u0131nda h\u0131zl\u0131 bir \u015fekilde organize olarak yard\u0131m ula\u015ft\u0131rmaya \u00e7al\u0131\u015f\u0131yoruz. Bu t\u00fcr durumlarda zaman\u0131n \u00e7ok de\u011ferli oldu\u011funu biliyoruz.<\/li>\n<li><strong>Sosyal dayan\u0131\u015fma projeleri:<\/strong><br \/>Toplumun birlik ve beraberlik duygusunu g\u00fc\u00e7lendirecek sosyal sorumluluk projeleri d\u00fczenliyoruz.<\/li>\n<\/ul>\n<figure class=\"wp-block-image size-full\"><img loading=\"lazy\" decoding=\"async\" width=\"756\" height=\"567\" src=\"https:\/\/www.hdhmedya.com\/wp-content\/uploads\/2026\/04\/image.jpeg\" alt=\"\" class=\"wp-image-47400\" srcset=\"https:\/\/www.hdhmedya.com\/wp-content\/uploads\/2026\/04\/image.jpeg 756w, https:\/\/www.hdhmedya.com\/wp-content\/uploads\/2026\/04\/image-300x225.jpeg 300w\" sizes=\"auto, (max-width: 756px) 100vw, 756px\"\/><\/figure>\n<hr class=\"wp-block-separator has-alpha-channel-opacity\"\/>\n<p><strong>Yard\u0131m faaliyetlerinizi planlarken hangi kriterleri esas al\u0131yorsunuz?<\/strong><\/p>\n<p>Bizim i\u00e7in en \u00f6nemli kriter, ger\u00e7ekten ihtiya\u00e7 sahibi olan insanlara ula\u015fmakt\u0131r. Bu nedenle yard\u0131m \u00e7al\u0131\u015fmalar\u0131m\u0131z\u0131 y\u00fcr\u00fct\u00fcrken titiz bir ara\u015ft\u0131rma ve de\u011ferlendirme s\u00fcreci uyguluyoruz.<\/p>\n<p>Mahalle temsilcilerimiz ve g\u00f6n\u00fcll\u00fclerimiz arac\u0131l\u0131\u011f\u0131yla ihtiya\u00e7 sahibi ailelerin durumlar\u0131n\u0131 yerinde inceliyor, ihtiya\u00e7lar\u0131n\u0131 belirliyor ve buna g\u00f6re destek sa\u011fl\u0131yoruz. Amac\u0131m\u0131z, yard\u0131mlar\u0131n do\u011fru ki\u015filere ula\u015fmas\u0131n\u0131 sa\u011flamak ve kaynaklar\u0131m\u0131z\u0131 en verimli \u015fekilde kullanmakt\u0131r.<\/p>\n<hr class=\"wp-block-separator has-alpha-channel-opacity\"\/>\n<p><strong>G\u00f6n\u00fcll\u00fclerin ve ba\u011f\u0131\u015f\u00e7\u0131lar\u0131n \u00e7al\u0131\u015fmalar\u0131n\u0131zdaki rol\u00fc nedir?<\/strong><\/p>\n<p>G\u00f6n\u00fcll\u00fclerimiz ve ba\u011f\u0131\u015f\u00e7\u0131lar\u0131m\u0131z bizim en b\u00fcy\u00fck g\u00fcc\u00fcm\u00fczd\u00fcr. Onlar\u0131n deste\u011fi olmadan bu kadar geni\u015f kapsaml\u0131 faaliyetler y\u00fcr\u00fctmek m\u00fcmk\u00fcn olmaz.<\/p>\n<p>Bir g\u00f6n\u00fcll\u00fcn\u00fcn ay\u0131rd\u0131\u011f\u0131 birka\u00e7 saat bile bir ailenin hayat\u0131nda b\u00fcy\u00fck bir de\u011fi\u015fim yaratabilir. Ayn\u0131 \u015fekilde ba\u011f\u0131\u015f\u00e7\u0131lar\u0131m\u0131z\u0131n yapt\u0131\u011f\u0131 k\u00fc\u00e7\u00fck bir katk\u0131, bir \u00e7ocu\u011fun e\u011fitimine veya bir ailenin temel ihtiya\u00e7lar\u0131na destek olabilir.<\/p>\n<p>Biz her zaman \u015funu s\u00f6yl\u00fcyoruz:<br \/><strong>\u0130yilik payla\u015ft\u0131k\u00e7a b\u00fcy\u00fcr.<\/strong><\/p>\n<hr class=\"wp-block-separator has-alpha-channel-opacity\"\/>\n<p><strong>Adana\u2019da kar\u015f\u0131la\u015ft\u0131\u011f\u0131n\u0131z en \u00f6nemli sosyal ihtiya\u00e7lar nelerdir?<\/strong><\/p>\n<p>Adana\u2019da \u00f6zellikle dar gelirli ailelerin temel ihtiya\u00e7lara eri\u015fim konusunda zorland\u0131\u011f\u0131n\u0131 g\u00f6r\u00fcyoruz. Bunun yan\u0131nda e\u011fitim \u00e7a\u011f\u0131ndaki \u00e7ocuklar\u0131n e\u011fitim materyallerine ula\u015fma konusunda ya\u015fad\u0131\u011f\u0131 zorluklar da \u00f6nemli bir sorun olarak kar\u015f\u0131m\u0131za \u00e7\u0131k\u0131yor.<\/p>\n<p>Bu nedenle \u00e7al\u0131\u015fmalar\u0131m\u0131zda \u00f6zellikle \u015fu alanlara a\u011f\u0131rl\u0131k veriyoruz:<\/p>\n<ul class=\"wp-block-list\">\n<li>G\u0131da ve temel ihtiya\u00e7 deste\u011fi<\/li>\n<li>E\u011fitim yard\u0131mlar\u0131<\/li>\n<li>Yetim ve dezavantajl\u0131 \u00e7ocuklara destek<\/li>\n<li>Sosyal dayan\u0131\u015fma projeleri<\/li>\n<\/ul>\n<hr class=\"wp-block-separator has-alpha-channel-opacity\"\/>\n<p><strong>Afet d\u00f6nemlerinde nas\u0131l bir organizasyon y\u00fcr\u00fct\u00fcyorsunuz?<\/strong><\/p>\n<p>Afet d\u00f6nemlerinde h\u0131zl\u0131 hareket etmek hayati \u00f6nem ta\u015f\u0131r. Bu nedenle dernek olarak \u00f6nceden haz\u0131rl\u0131kl\u0131 olmaya \u00e7al\u0131\u015f\u0131yoruz.<\/p>\n<p>G\u00f6n\u00fcll\u00fclerimiz ve ekiplerimizle birlikte k\u0131sa s\u00fcrede organize oluyor, ihtiya\u00e7 listelerini belirliyor ve yard\u0131mlar\u0131n en h\u0131zl\u0131 \u015fekilde ula\u015ft\u0131r\u0131lmas\u0131n\u0131 sa\u011fl\u0131yoruz. Afet durumlar\u0131nda toplumun dayan\u0131\u015fma ruhunu \u00e7ok g\u00fc\u00e7l\u00fc bir \u015fekilde g\u00f6rd\u00fc\u011f\u00fcm\u00fcz\u00fc s\u00f6yleyebilirim.<\/p>\n<hr class=\"wp-block-separator has-alpha-channel-opacity\"\/>\n<p><strong>Gelecek d\u00f6nem hedefleriniz ve projeleriniz nelerdir?<\/strong><\/p>\n<p>\u00d6n\u00fcm\u00fczdeki d\u00f6nemde \u00f6zellikle \u015fu alanlarda \u00e7al\u0131\u015fmalar\u0131m\u0131z\u0131 art\u0131rmay\u0131 hedefliyoruz:<\/p>\n<ul class=\"wp-block-list\">\n<li>Daha fazla ihtiya\u00e7 sahibine ula\u015fmak<\/li>\n<li>G\u00f6n\u00fcll\u00fc say\u0131m\u0131z\u0131 art\u0131rmak<\/li>\n<li>E\u011fitim destek projelerini geni\u015fletmek<\/li>\n<li>Kal\u0131c\u0131 sosyal yard\u0131m projeleri geli\u015ftirmek<\/li>\n<li>Gen\u00e7lerin sosyal sorumluluk projelerine kat\u0131l\u0131m\u0131n\u0131 te\u015fvik etmek<\/li>\n<\/ul>\n<p>Amac\u0131m\u0131z sadece yard\u0131m etmek de\u011fil, ayn\u0131 zamanda insanlar\u0131n kendi ayaklar\u0131 \u00fczerinde durmalar\u0131na katk\u0131 sa\u011flayacak projeler geli\u015ftirmektir.<\/p>\n<hr class=\"wp-block-separator has-alpha-channel-opacity\"\/>\n<p><strong>Topluma vermek istedi\u011finiz mesaj nedir?<\/strong><\/p>\n<p>Toplum olarak birlik ve beraberlik i\u00e7inde oldu\u011fumuz s\u00fcrece hi\u00e7bir zorluk bizi y\u0131kamaz. Herkesin yapabilece\u011fi bir iyilik mutlaka vard\u0131r.<\/p>\n<p>\u0130htiya\u00e7 sahibi insanlara destek olmak sadece maddi bir yard\u0131m de\u011fil, ayn\u0131 zamanda bir insanl\u0131k g\u00f6revidir. Bizler, iyili\u011fin yay\u0131lmas\u0131 i\u00e7in \u00e7al\u0131\u015fmaya devam edece\u011fiz.<\/p>\n<figure class=\"wp-block-image size-full\"><img loading=\"lazy\" decoding=\"async\" width=\"756\" height=\"504\" src=\"https:\/\/www.hdhmedya.com\/wp-content\/uploads\/2026\/04\/image-1.jpeg\" alt=\"\" class=\"wp-image-47401\" srcset=\"https:\/\/www.hdhmedya.com\/wp-content\/uploads\/2026\/04\/image-1.jpeg 756w, https:\/\/www.hdhmedya.com\/wp-content\/uploads\/2026\/04\/image-1-300x200.jpeg 300w\" sizes=\"auto, (max-width: 756px) 100vw, 756px\"\/><\/figure>\n<\/p><\/div>\n","protected":false},"excerpt":{"rendered":"<p>Kurban Bayram\u0131 yakla\u015f\u0131rken Yediba\u015fak \u0130nsani Yard\u0131m Derne\u011fi, bu y\u0131l da ihtiya\u00e7 sahibi ailelerin y\u00fcz\u00fcn\u00fc g\u00fcld\u00fcrmek i\u00e7in haz\u0131rl\u0131klar\u0131n\u0131 s\u00fcrd\u00fcr\u00fcyor. \u201cKurban\u0131m Karde\u015fime\u201d diyerek yola \u00e7\u0131kan dernek, ba\u011f\u0131\u015f\u00e7\u0131lar\u0131n\u0131n emanetlerini d\u00fcnyan\u0131n d\u00f6rt bir yan\u0131nda ihtiya\u00e7 sahiplerine ula\u015ft\u0131rmay\u0131 hedefliyor. Bu bayramda da niyet; iyili\u011fin en saf haliyle yolunu g\u00f6zleyenlerin kap\u0131s\u0131n\u0131 \u00e7almak, sofralar\u0131na bereket olmak ve bayram sevincini payla\u015fmak. 2026 y\u0131l\u0131 [&hellip;]<\/p>\n","protected":false},"author":1,"featured_media":8326,"comment_status":"open","ping_status":"open","sticky":false,"template":"","format":"standard","meta":{"footnotes":""},"categories":[4],"tags":[],"class_list":["post-8325","post","type-post","status-publish","format-standard","has-post-thumbnail","hentry","category-gundem"],"_links":{"self":[{"href":"https:\/\/adanapostasi.com\/index.php\/wp-json\/wp\/v2\/posts\/8325","targetHints":{"allow":["GET"]}}],"collection":[{"href":"https:\/\/adanapostasi.com\/index.php\/wp-json\/wp\/v2\/posts"}],"about":[{"href":"https:\/\/adanapostasi.com\/index.php\/wp-json\/wp\/v2\/types\/post"}],"author":[{"embeddable":true,"href":"https:\/\/adanapostasi.com\/index.php\/wp-json\/wp\/v2\/users\/1"}],"replies":[{"embeddable":true,"href":"https:\/\/adanapostasi.com\/index.php\/wp-json\/wp\/v2\/comments?post=8325"}],"version-history":[{"count":0,"href":"https:\/\/adanapostasi.com\/index.php\/wp-json\/wp\/v2\/posts\/8325\/revisions"}],"wp:featuredmedia":[{"embeddable":true,"href":"https:\/\/adanapostasi.com\/index.php\/wp-json\/wp\/v2\/media\/8326"}],"wp:attachment":[{"href":"https:\/\/adanapostasi.com\/index.php\/wp-json\/wp\/v2\/media?parent=8325"}],"wp:term":[{"taxonomy":"category","embeddable":true,"href":"https:\/\/adanapostasi.com\/index.php\/wp-json\/wp\/v2\/categories?post=8325"},{"taxonomy":"post_tag","embeddable":true,"href":"https:\/\/adanapostasi.com\/index.php\/wp-json\/wp\/v2\/tags?post=8325"}],"curies":[{"name":"wp","href":"https:\/\/api.w.org\/{rel}","templated":true}]}}