{"id":8328,"date":"2026-04-27T08:34:33","date_gmt":"2026-04-27T05:34:33","guid":{"rendered":"https:\/\/adanapostasi.com\/index.php\/2026\/04\/27\/sivas-tso-secimleri-oncesi-surpriz-i-ttifak\/"},"modified":"2026-04-27T08:34:33","modified_gmt":"2026-04-27T05:34:33","slug":"sivas-tso-secimleri-oncesi-surpriz-i-ttifak","status":"publish","type":"post","link":"https:\/\/adanapostasi.com\/index.php\/2026\/04\/27\/sivas-tso-secimleri-oncesi-surpriz-i-ttifak\/","title":{"rendered":"Sivas TSO Se\u00e7imleri \u00d6ncesi S\u00fcrpriz \u0130ttifak"},"content":{"rendered":"<p>Sivas Ticaret ve Sanayi Odas\u0131 (TSO) se\u00e7imleri \u00f6ncesinde dengeleri de\u011fi\u015ftiren \u00f6nemli bir geli\u015fme ya\u015fand\u0131. Daha \u00f6nce d\u00fczenledi\u011fi programda ba\u015fkan adayl\u0131\u011f\u0131n\u0131 a\u00e7\u0131klayan Yusuf Ziya Kurt, s\u00fcrpriz bir kararla adayl\u0131ktan \u00e7ekildi\u011fini duyurdu.<\/p>\n<p>Kurt\u2019un, mevcut TSO Ba\u015fkan\u0131 Zeki \u00d6zdemir lehine yar\u0131\u015ftan \u00e7ekildi\u011fi \u00f6\u011frenilirken, kulislerde se\u00e7imlerin kazan\u0131lmas\u0131 halinde Yusuf Ziya Kurt\u2019un meclis ba\u015fkanl\u0131\u011f\u0131 g\u00f6revine getirilece\u011fi konu\u015fuluyor. Mevcut TSO Meclis Ba\u015fkan\u0131 Osman Y\u0131ld\u0131r\u0131m\u2019\u0131n ise \u00fcst kurul delegesi olarak g\u00f6rev alaca\u011f\u0131 iddia ediliyor.2022 se\u00e7imlerinde Zeki \u00d6zdemir ile birlikte hareket eden ve ard\u0131ndan yap\u0131lan ara se\u00e7imle meclise giren Yusuf Ziya Kurt\u2019un bu ani karar\u0131, i\u015f d\u00fcnyas\u0131nda soru i\u015faretlerine neden oldu. \u00d6zellikle adayl\u0131k s\u00fcrecinde bir\u00e7ok ki\u015fiyle g\u00f6r\u00fc\u015ferek destek isteyen Kurt\u2019un geri ad\u0131m atmas\u0131, baz\u0131 kesimlerde hayal k\u0131r\u0131kl\u0131\u011f\u0131 yaratt\u0131. \u0130\u015f \u00e7evrelerinde \u201cMadem \u00e7ekilecekti, neden bu kadar ki\u015fiyle g\u00f6r\u00fc\u015f\u00fcp liste olu\u015fturdu?\u201d \u015feklinde yorumlar yap\u0131l\u0131yor.<\/p>\n<p>\u00d6te yandan kulislerde konu\u015fulan bir di\u011fer iddiaya g\u00f6re, bu ittifak\u0131n arkas\u0131nda \u00f6nceki d\u00f6nem TSO Ba\u015fkan\u0131 Mustafa Eken\u2019in g\u00fc\u00e7l\u00fc \u015fekilde se\u00e7imlere haz\u0131rl\u0131k yapmas\u0131 bulunuyor. Eken\u2019in t\u00fcm komitelerde adaylar\u0131n\u0131 belirleyerek iddial\u0131 bir ekip kurmas\u0131, mevcut y\u00f6netimi ve Kurt cephesini ittifaka y\u00f6nelten en \u00f6nemli etkenlerden biri olarak de\u011ferlendiriliyor. Se\u00e7im s\u00fcrecinin ilerleyen g\u00fcnlerde daha da hareketlenmesi beklenirken, olu\u015fan yeni dengelerin sand\u0131\u011fa nas\u0131l yans\u0131yaca\u011f\u0131 merak konusu.<\/p>\n","protected":false},"excerpt":{"rendered":"<p>Sivas Ticaret ve Sanayi Odas\u0131 (TSO) se\u00e7imleri \u00f6ncesinde dengeleri de\u011fi\u015ftiren \u00f6nemli bir geli\u015fme ya\u015fand\u0131. Daha \u00f6nce d\u00fczenledi\u011fi programda ba\u015fkan adayl\u0131\u011f\u0131n\u0131 a\u00e7\u0131klayan Yusuf Ziya Kurt, s\u00fcrpriz bir kararla adayl\u0131ktan \u00e7ekildi\u011fini duyurdu. Kurt\u2019un, mevcut TSO Ba\u015fkan\u0131 Zeki \u00d6zdemir lehine yar\u0131\u015ftan \u00e7ekildi\u011fi \u00f6\u011frenilirken, kulislerde se\u00e7imlerin kazan\u0131lmas\u0131 halinde Yusuf Ziya Kurt\u2019un meclis ba\u015fkanl\u0131\u011f\u0131 g\u00f6revine getirilece\u011fi konu\u015fuluyor. Mevcut TSO Meclis [&hellip;]<\/p>\n","protected":false},"author":1,"featured_media":8327,"comment_status":"open","ping_status":"open","sticky":false,"template":"","format":"standard","meta":{"footnotes":""},"categories":[380],"tags":[],"class_list":["post-8328","post","type-post","status-publish","format-standard","has-post-thumbnail","hentry","category-sivas-haberleri"],"_links":{"self":[{"href":"https:\/\/adanapostasi.com\/index.php\/wp-json\/wp\/v2\/posts\/8328","targetHints":{"allow":["GET"]}}],"collection":[{"href":"https:\/\/adanapostasi.com\/index.php\/wp-json\/wp\/v2\/posts"}],"about":[{"href":"https:\/\/adanapostasi.com\/index.php\/wp-json\/wp\/v2\/types\/post"}],"author":[{"embeddable":true,"href":"https:\/\/adanapostasi.com\/index.php\/wp-json\/wp\/v2\/users\/1"}],"replies":[{"embeddable":true,"href":"https:\/\/adanapostasi.com\/index.php\/wp-json\/wp\/v2\/comments?post=8328"}],"version-history":[{"count":0,"href":"https:\/\/adanapostasi.com\/index.php\/wp-json\/wp\/v2\/posts\/8328\/revisions"}],"wp:featuredmedia":[{"embeddable":true,"href":"https:\/\/adanapostasi.com\/index.php\/wp-json\/wp\/v2\/media\/8327"}],"wp:attachment":[{"href":"https:\/\/adanapostasi.com\/index.php\/wp-json\/wp\/v2\/media?parent=8328"}],"wp:term":[{"taxonomy":"category","embeddable":true,"href":"https:\/\/adanapostasi.com\/index.php\/wp-json\/wp\/v2\/categories?post=8328"},{"taxonomy":"post_tag","embeddable":true,"href":"https:\/\/adanapostasi.com\/index.php\/wp-json\/wp\/v2\/tags?post=8328"}],"curies":[{"name":"wp","href":"https:\/\/api.w.org\/{rel}","templated":true}]}}