{"id":8329,"date":"2026-04-27T14:20:11","date_gmt":"2026-04-27T11:20:11","guid":{"rendered":"https:\/\/adanapostasi.com\/index.php\/2026\/04\/27\/57-alay-sehitleri-vefa-yuruyusu-ile-anildi\/"},"modified":"2026-04-27T14:20:11","modified_gmt":"2026-04-27T11:20:11","slug":"57-alay-sehitleri-vefa-yuruyusu-ile-anildi","status":"publish","type":"post","link":"https:\/\/adanapostasi.com\/index.php\/2026\/04\/27\/57-alay-sehitleri-vefa-yuruyusu-ile-anildi\/","title":{"rendered":"57. Alay \u015eehitleri \u2018vefa Y\u00fcr\u00fcy\u00fc\u015f\u00fc\u2019 \u0130le An\u0131ld\u0131"},"content":{"rendered":"<p><\/p>\n<div property=\"articleBody\" id=\"detailcontent\">\n<p>\u00c7anakkale Kara Sava\u015flar\u0131\u2019n\u0131n 111. Y\u0131l\u0131 Anma T\u00f6renleri kapsam\u0131nda \u201c57. Alay Vefa Y\u00fcr\u00fcy\u00fc\u015f\u00fc\u201d d\u00fczenlendi.<\/p>\n<p>Gen\u00e7lik ve Spor Bakanl\u0131\u011f\u0131, \u00c7anakkale Zaferi etkinlikleri kapsam\u0131nda 57. Piyade Alay\u0131 \u015fehitlerini anmak, onlar\u0131 yad etmek, gen\u00e7lerde tarih, bayrak ve vatan bilincini peki\u015ftirmek \u00fczere farkl\u0131 illerden gen\u00e7leri bir araya getirdi.<\/p>\n<p>25 Nisan\u2019da Tarihi Gelibolu Yar\u0131madas\u0131 Kocadere K\u00f6y\u00fc Kamp Alan\u0131\u2019nda \u015fehitlere sayg\u0131 i\u00e7in top at\u0131\u015f\u0131 yap\u0131lmas\u0131yla ba\u015flayan anma y\u00fcr\u00fcy\u00fc\u015f\u00fc program\u0131nda, sabah namaz\u0131n\u0131n ard\u0131ndan Gen\u00e7lik ve Spor Bakan Yard\u0131mc\u0131s\u0131 Do\u00e7. Dr. Safa Ko\u00e7o\u011flu G\u00fcrsoy,<strong>\u00a0<\/strong>kat\u0131l\u0131mc\u0131lara yarma \u00e7orbas\u0131 ikram\u0131nda bulundu.<\/p>\n<p>Bakan Yard\u0131mc\u0131s\u0131 G\u00fcrsoy, y\u00fcr\u00fcy\u00fc\u015f \u00f6ncesinde yapt\u0131\u011f\u0131 a\u00e7\u0131klamada, her y\u0131l oldu\u011fu gibi bu y\u0131l da gen\u00e7lerle y\u00fcr\u00fcy\u00fc\u015fe kat\u0131ld\u0131klar\u0131n\u0131 s\u00f6yledi.<\/p>\n<p><strong>\u201cBiz \u00c7anakkale\u2019yi, \u015fehitlerimizi, bu vatan\u0131n nas\u0131l kazan\u0131ld\u0131\u011f\u0131n\u0131 unutturmamak ve unutmamakla sorumluyuz\u201d<\/strong><\/p>\n<p>\u00c7anakkale\u2019yi ve \u015fehitleri unutmamak ve unutturmamakla sorumlu olduklar\u0131n\u0131 dile getiren G\u00fcrsoy, \u015funlar\u0131 kaydetti:<\/p>\n<p>\u201cBiz \u00c7anakkale\u2019yi, \u015fehitlerimizi, bu vatan\u0131n nas\u0131l kazan\u0131ld\u0131\u011f\u0131n\u0131 unutturmamak ve unutmamakla sorumluyuz. O sebeple T\u00fcrkiye\u2019nin bir\u00e7ok yerinden hatta farkl\u0131 d\u00fcnya co\u011frafyalar\u0131ndan burada gen\u00e7 arkada\u015flar\u0131m\u0131z var. Birlikte bir bilin\u00e7 in\u015fa ediyoruz burada. Ayn\u0131 duyguyu binlerce gen\u00e7le bir arada ya\u015famay\u0131 da \u00e7ok k\u0131ymetli buluyoruz. 57. Alay sadece bir askeri birlik de\u011fil, bir inanc\u0131n, bir cesaretin ve gerekirse can\u0131n\u0131 da ortaya koyarak geri d\u00f6nmemeyi bize anlatan ve ya\u015fatan bir milli m\u00fccadele. Ba\u015fta Gazi Mustafa Kemal Atat\u00fcrk ile b\u00fct\u00fcn \u015fehitlerimizi rahmetle ve minnetle an\u0131yoruz. Gen\u00e7lik ve Spor Bakanl\u0131\u011f\u0131 olarak Bakan\u0131m\u0131z Say\u0131n Osman A\u015fk\u0131n Bak\u2019\u0131n \u00f6nc\u00fcl\u00fc\u011f\u00fcnde ve Say\u0131n Cumhurba\u015fkan\u0131m\u0131z Recep Tayyip Erdo\u011fan\u2019\u0131n liderli\u011finde gen\u00e7li\u011fin tarih \u015fuurunu, bayrak bilincini artt\u0131rmak ad\u0131na y\u0131l i\u00e7erisinde bir\u00e7ok faaliyet yap\u0131yoruz. Bunlardan biri de bu faaliyetimiz. Burada olmak, gen\u00e7 arkada\u015flar\u0131m\u0131zla birlikte olmak \u00e7ok k\u0131ymetli.\u201d<\/p>\n<p>Kocadere K\u00f6y\u00fc Kamp Alan\u0131\u2019ndan ba\u015flayarak yakla\u015f\u0131k 5 kilometre s\u00fcren \u201c57. Alay Vefa Y\u00fcr\u00fcy\u00fc\u015f\u00fc\u201d Conkbay\u0131r\u0131\u2019nda sona erdi.<\/p>\n<p>Gen\u00e7lik ve Spor Bakan Do\u00e7. Dr. Yard\u0131mc\u0131s\u0131 Safa Ko\u00e7o\u011flu G\u00fcrsoy e\u015fli\u011findeki grup, yakla\u015f\u0131k bir saatlik y\u00fcr\u00fcy\u00fc\u015f\u00fcn ard\u0131ndan Conkbay\u0131r\u0131\u2019ndaki t\u00f6ren alan\u0131na ula\u015ft\u0131.<\/p>\n<p>Y\u00fcr\u00fcy\u00fc\u015fe, Bakan Yard\u0131mc\u0131s\u0131 G\u00fcrsoy\u2019un yan\u0131 s\u0131ra \u00c7anakkale Valisi \u00d6mer Toraman ve \u00c7anakkale Sava\u015flar\u0131 Gelibolu Tarihi Alan Ba\u015fkan\u0131 \u0130smail Ka\u015fdemir de kat\u0131ld\u0131.<\/p>\n<p><img decoding=\"async\" alt=\"\" src=\"https:\/\/www.bha.net.tr\/uploads\/editor\/1777258878_edtr_69eed17e35ffe9.66181729.jpg\"\/><\/p>\n<p><strong>57. Alay\u2019\u0131n kahramanlar\u0131, muharebelerin 111. y\u0131l\u0131nda Conkbay\u0131r\u0131\u2019nda an\u0131ld\u0131<\/strong><\/p>\n<p>\u00c7anakkale Kara Sava\u015flar\u0131\u2019n\u0131n 111. y\u0131l d\u00f6n\u00fcm\u00fc dolay\u0131s\u0131yla ger\u00e7ekle\u015ftirilen 57. Alay Vefa Y\u00fcr\u00fcy\u00fc\u015f\u00fc\u2019n\u00fcn tamamland\u0131\u011f\u0131 Conkbay\u0131r\u0131 An\u0131t\u0131\u2019nda t\u00f6ren d\u00fczenlendi.<\/p>\n<p>T\u00f6rende konu\u015fan Gen\u00e7lik ve Spor Bakan Yard\u0131mc\u0131s\u0131 Do\u00e7. Dr. Safa Ko\u00e7o\u011flu G\u00fcrsoy, 57. Alay\u2019\u0131n manevi huzurunda olman\u0131n gururunu ya\u015famaktan duydu\u011fu memnuniyeti dile getirdi.<\/p>\n<p>G\u00f6z\u00fcn\u00fc k\u0131rpmadan \u015fehadete y\u00fcr\u00fcyen ecdad\u0131n b\u0131rakt\u0131\u011f\u0131 miras\u0131n emanet\u00e7ileri olduklar\u0131n\u0131 aktaran G\u00fcrsoy, \u201cAllah\u2019\u0131n izniyle d\u00fcnya d\u00f6nd\u00fck\u00e7e bu mukaddes emanet, nesilden nesle aktar\u0131lacak, bu milletin sorumluluk ve \u015fuur sahibi evlatlar\u0131, atalar\u0131n emanetini \u00f6telere sadakatle ta\u015f\u0131yacakt\u0131r.\u201d dedi.<\/p>\n<p><strong>\u201cBug\u00fcn kendi sava\u015f teknolojisini ve otomobilini \u00fcreten, \u0130HA, S\u0130HA\u2019lar\u0131yla g\u00fc\u00e7l\u00fc ve ba\u011f\u0131ms\u0131z bir T\u00fcrkiye var\u201d<\/strong><\/p>\n<p>T\u00fcrkiye\u2019nin Cumhurba\u015fkan\u0131 Recep Tayyip Erdo\u011fan\u2019\u0131n liderli\u011finde d\u00fcnyada hat\u0131r\u0131 ve s\u00f6z\u00fc say\u0131l\u0131r bir \u00fclke oldu\u011funu vurgulayan G\u00fcrsoy, \u015funlar\u0131 kaydetti:<\/p>\n<p>\u201cT\u00fcrkiye\u2019nin cesaretle y\u00fckselen sesi, diplomasideki ba\u015far\u0131 ve kararl\u0131l\u0131\u011f\u0131, bug\u00fcn dostlar\u0131m\u0131za g\u00fcven, hainlere ise korku ve derttir. T\u00fcrkiye Y\u00fczy\u0131l\u0131, i\u015fte bu ruhun, bu iradenin ve bu kararl\u0131l\u0131\u011f\u0131n ad\u0131d\u0131r. Bug\u00fcn kendi sava\u015f teknolojisini ve otomobilini \u00fcreten, \u0130HA, S\u0130HA\u2019lar\u0131yla muazzam bir g\u00fcce kavu\u015fan g\u00fc\u00e7l\u00fc ve ba\u011f\u0131ms\u0131z bir T\u00fcrkiye var. Sizler de g\u00fc\u00e7l\u00fc, ba\u011f\u0131ms\u0131z T\u00fcrkiye\u2019nin ve g\u00f6n\u00fcl co\u011frafyam\u0131z\u0131n \u00fcmit memba\u0131s\u0131n\u0131z. Ba\u015f\u0131n\u0131z dik, bile\u011finiz b\u00fck\u00fclmez, y\u00fcre\u011finiz vatan sevdas\u0131yla mayalanm\u0131\u015f bir \u015fekilde yar\u0131nlara y\u00fcr\u00fcmelisiniz. Hayal kurmaktan, \u00fcmit etmekten, inanmaktan ve ad\u0131m atmaktan vazge\u00e7meyin.\u201d<\/p>\n<p>G\u00fcrsoy, Gen\u00e7lik ve Spor Bakanl\u0131\u011f\u0131 olarak T\u00fcrkiye\u2019nin gen\u00e7lerini desteklemeye devam edeceklerini belirterek, \u201c\u0130nan\u0131yoruz ki bu \u00fclkenin gelece\u011fi sizin cesaretinizle g\u00fczelle\u015fecek. Size uzanan k\u00f6t\u00fc emelli ellere, art niyetli fikirlere bilimle, sanatla, sporla \u2018Dur.\u2019 deyin. Att\u0131\u011f\u0131n\u0131z her ad\u0131mda ailenizin ve milletimizin hay\u0131r duas\u0131 ve t\u00fcm imkanlar\u0131yla devletimizin deste\u011fi sizinledir. Bu kadim topraklar, sizden \u00e7ok \u015fey bekliyor. Size sonsuz g\u00fcven duyuyor, atalar\u0131m\u0131zdan devrald\u0131\u011f\u0131n\u0131z miras\u0131 daha ileriye ta\u015f\u0131yaca\u011f\u0131n\u0131za g\u00f6n\u00fclden inan\u0131yoruz.\u201d ifadelerini kulland\u0131.<\/p>\n<p><img decoding=\"async\" alt=\"\" src=\"https:\/\/www.bha.net.tr\/uploads\/editor\/1777258899_edtr_69eed193c8b221.76691711.jpg\"\/><\/p>\n<p><strong>Sancak, \u00fcniversitesi \u00f6\u011frencilerinden yeniden kurulan 57. Alay\u2019a teslim edildi<\/strong><\/p>\n<p>T\u00fcrk Silahl\u0131 Kuvvetleri ad\u0131na konu\u015fan Piyade Albay \u015eerif Ka\u011fan Akan da \u00c7anakkale Muharebeleri\u2019nin kurtulu\u015fa giden yolu a\u00e7an ve Ulu \u00d6nder Mustafa Kemal Atat\u00fcrk\u2019\u00fc tarih sahnesine \u00e7\u0131karan, kanla yaz\u0131lm\u0131\u015f bir kahramanl\u0131k destan\u0131 oldu\u011funu s\u00f6yledi.<\/p>\n<p>\u00c7anakkale\u2019de 111 y\u0131l \u00f6nce bug\u00fcn ya\u015fananlar\u0131 anlatan Akan, \u201c57. Alay\u2019\u0131n kahramanlar\u0131, bir kar\u0131\u015f vatan topra\u011f\u0131n\u0131 d\u00fc\u015fmana \u00e7i\u011fnetmeme u\u011fruna kendilerini kurban etmi\u015fti. Alay\u0131n ya\u015f ortalamas\u0131, sadece 24\u2019t\u00fc. Okullar\u0131n\u0131, ni\u015fanl\u0131lar\u0131n\u0131, e\u015flerini, \u00e7ocuklar\u0131n\u0131, ana ve babalar\u0131n\u0131 b\u0131rakarak cepheye ko\u015fan bu gen\u00e7ler, bir daha geri d\u00f6nmediler. \u00c7\u00fcnk\u00fc onlar d\u00f6nmeyi asla d\u00fc\u015f\u00fcnmediler.\u201d diye konu\u015ftu.<\/p>\n<p>57. Alay sanca\u011f\u0131na 30 Kas\u0131m 1915\u2019te alt\u0131n ve g\u00fcm\u00fc\u015f harp madalyalar\u0131 verildi\u011fini, 25 Nisan 1916\u2019da bunlar\u0131n resmi ge\u00e7it t\u00f6reniyle alay sanca\u011f\u0131na tak\u0131ld\u0131\u011f\u0131n\u0131 hat\u0131rlatan Akan, \u015funlar\u0131 kaydetti:<\/p>\n<p>\u201c\u00c7anakkale Muharebeleri\u2019nde vatan topraklar\u0131n\u0131 canlar\u0131 ve kanlar\u0131 pahas\u0131na savunan 57. Alay\u2019\u0131n an\u0131s\u0131n\u0131 ya\u015fatmak ve gelecek nesillere \u00c7anakkale ruhunu ta\u015f\u0131mak maksad\u0131yla 57. Piyade Alay\u0131 yeniden te\u015fkil edilmi\u015ftir. Yeniden kurulan 57. Piyade Alay\u0131, muharebelerin cereyan etti\u011fi bu topraklarda tarihi yar\u0131madada bulunacak, icra edilen t\u00f6renlerde, sayg\u0131 n\u00f6betlerinde ve canland\u0131rma faaliyetlerinde g\u00f6rev alacakt\u0131r. Alay, az \u00f6nce icra etti\u011finiz 57. Alay y\u00fcr\u00fcy\u00fc\u015f\u00fcnde en \u00f6nde yer alm\u0131\u015f ve bundan sonraki y\u0131llarda da ayn\u0131 \u015fekilde g\u00f6rev yapmaya devam edecektir. \u00d6nceki y\u0131llarda 57. Alay\u2019\u0131n temsili sanca\u011f\u0131, \u00fclkemizin gelece\u011fi olan \u00fcniversite gen\u00e7leri aras\u0131nda devir teslimi yap\u0131larak an\u0131s\u0131 ya\u015fat\u0131lm\u0131\u015ft\u0131r. Kahraman alay\u0131m\u0131z\u0131n an\u0131s\u0131na sahip \u00e7\u0131kan gen\u00e7ler, gelece\u011fimizin emin ellerde oldu\u011funu bir kez daha g\u00f6stermi\u015ftir. 57. Piyade Alay\u0131\u2019n\u0131n yeniden kurulmas\u0131 nedeniyle biraz sonra devir teslim t\u00f6reni son kez icra edilecek. 57. Alay\u2019\u0131n temsili sanca\u011f\u0131, \u00fcniversite \u00f6\u011frencileri taraf\u0131ndan 57. Piyade Alay\u2019\u0131na teslim edilecektir. Hi\u00e7 kimsenin \u015f\u00fcphesi olmas\u0131n ki d\u00fcnyan\u0131n en temiz kalpli, en cesur, en iyi askeri olan Mehmet\u00e7ik, d\u00fcn oldu\u011fu gibi bug\u00fcn de emanet edilen mukaddes vatan topraklar\u0131n\u0131 ayn\u0131 ruhla sonsuza kadar muhafaza ve m\u00fcdafaa etmek i\u00e7in can\u0131n\u0131 seve seve vermeye haz\u0131rd\u0131r.\u201d<\/p>\n<p>Konu\u015fmalar\u0131n ard\u0131ndan 57. Alay\u2019\u0131n temsili sanca\u011f\u0131n\u0131n devir teslim t\u00f6reni yap\u0131ld\u0131. Sancak, Hatay Mustafa Kemal \u00dcniversitesi \u00f6\u011frencilerinden yeniden kurulan 57. Alay\u2019a teslim edildi.<\/p>\n<p>Conkbay\u0131r\u0131\u2019ndaki t\u00f6ren, T\u00fcrk Silahl\u0131 Kuvvetleri taraf\u0131ndan haz\u0131rlanan bando g\u00f6sterisinin ard\u0131ndan sona erdi.<\/p>\n<p><img decoding=\"async\" alt=\"\" src=\"https:\/\/www.bha.net.tr\/uploads\/editor\/1777258914_edtr_69eed1a24fc911.12202578.jpg\"\/><\/p>\n<p><strong>57. Alay Vefa Y\u00fcr\u00fcy\u00fc\u015f\u00fc\u2019n\u00fcn kapan\u0131\u015f t\u00f6reni \u015eehitler Abidesi\u2019nde yap\u0131ld\u0131<\/strong><\/p>\n<p>\u00c7anakkale Kara Sava\u015flar\u0131\u2019n\u0131n 111. y\u0131l\u0131 dolay\u0131s\u0131yla d\u00fczenlenen 57. Alay Vefa Y\u00fcr\u00fcy\u00fc\u015f\u00fc\u2019n\u00fcn kapan\u0131\u015f t\u00f6reni, Gelibolu Yar\u0131madas\u0131\u2019ndaki \u015eehitler Abidesi\u2019nde ger\u00e7ekle\u015ftirildi.<\/p>\n<p>G\u00fcrsoy, t\u00f6rende yapt\u0131\u011f\u0131 konu\u015fmada, bir haf\u0131zay\u0131 tazelemek, bir ruhu yeniden hissetmek, bir emaneti omuzlamak i\u00e7in bir araya geldiklerini s\u00f6yledi.<\/p>\n<p>T\u00fcrkiye\u2019nin d\u00f6rt bir yan\u0131ndan, d\u00fcnyan\u0131n farkl\u0131 k\u00f6\u015felerinden gelenlerin att\u0131\u011f\u0131 her ad\u0131mda sadece bir yolu de\u011fil, bir inanc\u0131, kararl\u0131l\u0131\u011f\u0131 ve miras\u0131 ta\u015f\u0131d\u0131\u011f\u0131n\u0131 belirten G\u00fcrsoy, \u015f\u00f6yle konu\u015ftu:<\/p>\n<p>\u201c\u015eimdi, \u015eehitler Abidesi\u2019nin huzurunday\u0131z. \u00d6yle bir yerdeyiz ki burada kelimeler eksik, c\u00fcmleler yetersiz kal\u0131r. Hepimizin burada idrak etti\u011fi \u00fczere \u00c7anakkale sadece bir cephe de\u011fildir, bir milletin geri ad\u0131m atmama iradesidir. \u0130nanc\u0131n, fedakarl\u0131\u011f\u0131n ve vatan sevgisinin tarihe s\u0131\u011fmayan halidir. Bu topraklar metrekareye binlerce merminin d\u00fc\u015ft\u00fc\u011f\u00fc ama bir ad\u0131m geri at\u0131lmayan topraklard\u0131r. Bu topraklar, hayat\u0131n\u0131n bahar\u0131nda olan gen\u00e7lerin, gelece\u011fi kurtarmak i\u00e7in topra\u011fa d\u00fc\u015ft\u00fc\u011f\u00fc yerlerdir ve biz bug\u00fcn burada, onlar\u0131n emanetinin tam ortas\u0131nday\u0131z. Unutmayal\u0131m ki bu topra\u011f\u0131n alt\u0131nda yatanlar, bu topra\u011f\u0131n \u00fcst\u00fcnde ya\u015fayanlara bir gelecek b\u0131rakt\u0131lar. O y\u00fczden bug\u00fcn burada olmak, bir sorumlulu\u011fu hat\u0131rlamakt\u0131r.\u201d<\/p>\n<p><strong>\u201cSizler, bu \u00fclkenin yar\u0131n\u0131, umudu ve istikametisiniz\u201d<\/strong><\/p>\n<p>G\u00fcrsoy, gen\u00e7lerin fikren, ruhen ve vicdanen g\u00fc\u00e7l\u00fc, sa\u011fl\u0131kl\u0131 bireyler olarak yeti\u015fmesi i\u00e7in \u00e7al\u0131\u015ft\u0131klar\u0131n\u0131 anlatarak, \u015f\u00f6yle devam etti:<\/p>\n<p>\u201cSizler sadece bug\u00fcn\u00fcn gen\u00e7leri de\u011filsiniz. Sizler, bu \u00fclkenin yar\u0131n\u0131, umudu ve istikametisiniz. D\u00fcn o m\u00fccadele, s\u00fcng\u00fcyle verildi. Bug\u00fcn ise bilgiyle, fikirle ve kararl\u0131l\u0131kla veriliyor. Bug\u00fcn\u00fcn cepheleri farkl\u0131 ama ruh, ayn\u0131 olmak zorunda. Sizler, kaleminizle, bilginizle, eme\u011finizle, hayallerinizle, bu \u00fclkenin yar\u0131n\u0131n\u0131 in\u015fa edeceksiniz. Sizin hayalleriniz b\u00fcy\u00fcd\u00fck\u00e7e, T\u00fcrkiye b\u00fcy\u00fcyecek. Sizin cesaretiniz artt\u0131k\u00e7a bu \u00fclkenin y\u00fcr\u00fcy\u00fc\u015f\u00fc h\u0131zlanacak. \u00c7anakkale\u2019de yak\u0131lan o k\u0131v\u0131lc\u0131m, Kurtulu\u015f Sava\u015f\u0131\u2019na d\u00f6n\u00fc\u015fen bir iradenin ba\u015flang\u0131c\u0131yd\u0131. O irade, bug\u00fcn de ya\u015f\u0131yor.\u201d<\/p>\n<p><strong>\u201c\u00c7anakkale ruhunu diri tuttu\u011fumuz s\u00fcrece, ne bu bayrak iner ne bu millet geri ad\u0131m atar\u201d<\/strong><\/p>\n<p>Tarihine sahip \u00e7\u0131kan ve sorumluluk bilinciyle hareken eden bir gen\u00e7lik yeti\u015fti\u011fini dile getiren G\u00fcrsoy, \u201cCumhuriyet\u2019in ikinci y\u00fczy\u0131l\u0131nda, T\u00fcrkiye Y\u00fczy\u0131l\u0131\u2019nda \u00e7ok daha g\u00fc\u00e7l\u00fc, \u00e7ok daha kararl\u0131 bir \u015fekilde yolumuza devam ediyoruz. Savunmadan teknolojiye, spordan bilime, sanata uzanan geni\u015f bir alanda kendi ayaklar\u0131 \u00fczerinde duran, kendi s\u00f6z\u00fcn\u00fc s\u00f6yleyen bir \u00fclkenin evlatlar\u0131y\u0131z. B\u00fct\u00fcn bu ba\u015far\u0131n\u0131n temelinde buradaki ruh yat\u0131yor, \u00c7anakkale ruhu. \u0130\u015fte biz o ruhu diri tuttu\u011fumuz s\u00fcrece, ne bu bayrak iner ne bu millet geri ad\u0131m atar.\u201d diye konu\u015ftu.<\/p>\n<p>Ge\u00e7mi\u015fi unutmadan, gelece\u011fi in\u015fa etmek gerekti\u011fini vurgulayan Safa Ko\u00e7o\u011flu G\u00fcrsoy, \u201cK\u00f6k\u00fc sa\u011flam olmayan hi\u00e7bir yap\u0131 ayakta kalamaz ve biz bu k\u00f6k\u00fc, bu bilin\u00e7le, bu ruhla gen\u00e7lerimizle birlikte daha da g\u00fc\u00e7lendirmeye devam edece\u011fiz. Bug\u00fcn burada att\u0131\u011f\u0131n\u0131z her ad\u0131m, bu milletin birlik ve karde\u015flik duygusunun en g\u00fc\u00e7l\u00fc g\u00f6stergesi. Bu duyguyu korudu\u011fumuz s\u00fcrece bu topraklarda umut da bitmeyecek, gelecek de.\u201d de\u011ferlendirmesinde bulundu.<\/p>\n<p>Konu\u015fman\u0131n ard\u0131ndan \u0130l M\u00fcft\u00fcs\u00fc Mevl\u00fct Top\u00e7u dua etti.<\/p>\n<p>Daha sonra Gen\u00e7lik ve Spor Bakan Yard\u0131mc\u0131s\u0131 Do\u00e7. Dr. Safa Ko\u00e7o\u011flu G\u00fcrsoy, gen\u00e7lerle birlikte \u015fehitliklere karanfil b\u0131rakt\u0131.<\/p>\n<p>T\u00f6ren, T\u00fcrk Y\u0131ld\u0131zlar\u0131 G\u00f6sterisi ile tamamland\u0131.<\/p>\n<\/div>\n","protected":false},"excerpt":{"rendered":"<p>\u00c7anakkale Kara Sava\u015flar\u0131\u2019n\u0131n 111. Y\u0131l\u0131 Anma T\u00f6renleri kapsam\u0131nda \u201c57. Alay Vefa Y\u00fcr\u00fcy\u00fc\u015f\u00fc\u201d d\u00fczenlendi. Gen\u00e7lik ve Spor Bakanl\u0131\u011f\u0131, \u00c7anakkale Zaferi etkinlikleri kapsam\u0131nda 57. Piyade Alay\u0131 \u015fehitlerini anmak, onlar\u0131 yad etmek, gen\u00e7lerde tarih, bayrak ve vatan bilincini peki\u015ftirmek \u00fczere farkl\u0131 illerden gen\u00e7leri bir araya getirdi. 25 Nisan\u2019da Tarihi Gelibolu Yar\u0131madas\u0131 Kocadere K\u00f6y\u00fc Kamp Alan\u0131\u2019nda \u015fehitlere sayg\u0131 i\u00e7in [&hellip;]<\/p>\n","protected":false},"author":1,"featured_media":8330,"comment_status":"open","ping_status":"open","sticky":false,"template":"","format":"standard","meta":{"footnotes":""},"categories":[4],"tags":[],"class_list":["post-8329","post","type-post","status-publish","format-standard","has-post-thumbnail","hentry","category-gundem"],"_links":{"self":[{"href":"https:\/\/adanapostasi.com\/index.php\/wp-json\/wp\/v2\/posts\/8329","targetHints":{"allow":["GET"]}}],"collection":[{"href":"https:\/\/adanapostasi.com\/index.php\/wp-json\/wp\/v2\/posts"}],"about":[{"href":"https:\/\/adanapostasi.com\/index.php\/wp-json\/wp\/v2\/types\/post"}],"author":[{"embeddable":true,"href":"https:\/\/adanapostasi.com\/index.php\/wp-json\/wp\/v2\/users\/1"}],"replies":[{"embeddable":true,"href":"https:\/\/adanapostasi.com\/index.php\/wp-json\/wp\/v2\/comments?post=8329"}],"version-history":[{"count":0,"href":"https:\/\/adanapostasi.com\/index.php\/wp-json\/wp\/v2\/posts\/8329\/revisions"}],"wp:featuredmedia":[{"embeddable":true,"href":"https:\/\/adanapostasi.com\/index.php\/wp-json\/wp\/v2\/media\/8330"}],"wp:attachment":[{"href":"https:\/\/adanapostasi.com\/index.php\/wp-json\/wp\/v2\/media?parent=8329"}],"wp:term":[{"taxonomy":"category","embeddable":true,"href":"https:\/\/adanapostasi.com\/index.php\/wp-json\/wp\/v2\/categories?post=8329"},{"taxonomy":"post_tag","embeddable":true,"href":"https:\/\/adanapostasi.com\/index.php\/wp-json\/wp\/v2\/tags?post=8329"}],"curies":[{"name":"wp","href":"https:\/\/api.w.org\/{rel}","templated":true}]}}