{"id":8331,"date":"2026-04-27T14:31:18","date_gmt":"2026-04-27T11:31:18","guid":{"rendered":"https:\/\/adanapostasi.com\/index.php\/2026\/04\/27\/bereket-dunyanin-dort-bir-yanina-yayilacak-hdh-medya\/"},"modified":"2026-04-27T14:31:18","modified_gmt":"2026-04-27T11:31:18","slug":"bereket-dunyanin-dort-bir-yanina-yayilacak-hdh-medya","status":"publish","type":"post","link":"https:\/\/adanapostasi.com\/index.php\/2026\/04\/27\/bereket-dunyanin-dort-bir-yanina-yayilacak-hdh-medya\/","title":{"rendered":"Bereket D\u00fcnyan\u0131n D\u00f6rt Bir Yan\u0131na Yay\u0131lacak \u2013 HDH Medya"},"content":{"rendered":"<p><\/p>\n<div property=\"articleBody\">\n<div class=\"cap\">\n<p>                            <img loading=\"lazy\" width=\"740\" height=\"420\" src=\"https:\/\/www.hdhmedya.com\/wp-content\/uploads\/2026\/04\/WhatsApp-Image-2026-04-23-at-09.22.16-740x420.jpeg\" class=\"attachment-ta_single size-ta_single wp-post-image\" alt=\"Bereket D\u00fcnyan\u0131n D\u00f6rt Bir Yan\u0131na Yay\u0131lacak\" decoding=\"async\"\/><\/p>\n<div class=\"sc-options \">\n<div class=\"flex-between\">\n<div class=\"sc-options-left\">\n                                        <a href=\"https:\/\/www.hdhmedya.com\/author\/hdhmedya\/\" class=\"sc-options-user\"><br \/>\n                                                                                            <img decoding=\"async\" src=\"https:\/\/www.hdhmedya.com\/wp-content\/themes\/haberadam\/img\/icons\/user.png\"\/><br \/>\n                                                                                    <\/a><\/p><\/div>\n<\/p><\/div>\n<\/p><\/div>\n<\/p><\/div>\n<p>Yakla\u015fan Kurban Bayram\u0131 \u00f6ncesinde haz\u0131rl\u0131klar\u0131n\u0131 tamamlayan \u0130HH, bu y\u0131lki temas\u0131n\u0131 \u201cKurban Karde\u015fli\u011fe \u00c7a\u011fr\u0131\u201d olarak belirledi. Adana \u0130HH Ba\u015fkan\u0131 Mahmut Eraslan, vakf\u0131n 34 y\u0131ll\u0131k tecr\u00fcbesiyle bu bayramda da mazlum ve muhta\u00e7 co\u011frafyalara umut ta\u015f\u0131yacaklar\u0131n\u0131 ifade etti.<\/p>\n<p>Kurban Bedeli 11.500 TL Olarak Belirlendi<\/p>\n<p>Ba\u015fkan Eraslan, hay\u0131rseverlerin ba\u011f\u0131\u015flar\u0131yla yola \u00e7\u0131kacak ekiplerin haz\u0131rl\u0131klar\u0131n\u0131 s\u00fcrd\u00fcrd\u00fc\u011f\u00fcn\u00fc belirterek \u015fu ifadeleri kulland\u0131:<\/p>\n<p>\u201c\u0130HH \u0130nsani Yard\u0131m Vakf\u0131 olarak, 2026 y\u0131l\u0131 yurt i\u00e7i ve yurt d\u0131\u015f\u0131 kurban bedelini 11.500 TL olarak belirledik. 34 y\u0131ld\u0131r Kurban Bayram\u0131\u2019n\u0131 bir karde\u015flik k\u00f6pr\u00fcs\u00fc olarak g\u00f6r\u00fcyoruz. Ekiplerimiz, kendilerini d\u00f6rt g\u00f6zle bekleyen karde\u015flerine sadece kurban eti g\u00f6t\u00fcrmeyecek; ayn\u0131 zamanda hayat \u015fartlar\u0131n\u0131 iyile\u015ftirmeyi ama\u00e7layan projelerle de yanlar\u0131nda olacak.\u201d<\/p>\n<p>Bereket D\u00fcnyan\u0131n D\u00f6rt Bir Yan\u0131na Yay\u0131lacak<\/p>\n<p>Eraslan, kurban bereketini T\u00fcrkiye ve KKTC\u2019nin yan\u0131 s\u0131ra Orta Do\u011fu\u2019dan Balkanlar\u2019a, Afrika\u2019dan G\u00fcney Amerika\u2019ya kadar geni\u015f bir co\u011frafyaya ta\u015f\u0131yacaklar\u0131n\u0131 vurgulayarak, \u201cGelin, yolumuzu g\u00f6zleyenleri yine birlikte sevindirelim; kurban\u0131n bereketini karde\u015fli\u011fe d\u00f6n\u00fc\u015ft\u00fcrelim,\u201d dedi.<\/p>\n<p>Hangi \u00dclkelere Gidilecek?<\/p>\n<p>\u0130HH, bu y\u0131l T\u00fcrkiye ve KKTC dahil olmak \u00fczere \u015fu b\u00f6lgelerde kurban kesim ve da\u011f\u0131t\u0131m organizasyonlar\u0131 ger\u00e7ekle\u015ftirecek:<\/p>\n<p>Orta Do\u011fu: Filistin, Irak, \u0130ran, L\u00fcbnan, Suriye, \u00dcrd\u00fcn, Yemen.<\/p>\n<p>Balkanlar &amp; Avrupa: Arnavutluk, Bosna Hersek, Karada\u011f, Kosova, Kuzey Makedonya, Romanya, S\u0131rbistan (Sancak ve Pre\u015fova).<\/p>\n<p>Orta Asya &amp; Kafkasya: Afganistan, Azerbaycan, G\u00fcrcistan, Kazakistan, K\u0131rg\u0131zistan, Mo\u011folistan, \u00d6zbekistan, Tacikistan, Ukrayna.<\/p>\n<p>G\u00fcney Asya: Banglade\u015f, Endonezya, Filipinler (Bangsamoro), Hindistan, Kambo\u00e7ya, Myanmar (Arakan), Nepal, Pakistan, Sri Lanka, Tayland (Patani), Vietnam.<\/p>\n<p>Afrika: Benin, Burkina Faso, Burundi, Cibuti, \u00c7ad, Etiyopya, Fas, Fildi\u015fi Sahili, Gana, Gine, G\u00fcney Afrika, Kenya, Malavi, Mali, Moritanya, Nijer, Senegal, Sierra Leone, Somali, Sudan, Tanzanya, Togo, Uganda, Zimbabve.<\/p>\n<p>G\u00fcney Amerika: Brezilya.<\/p>\n<p>Kurban ba\u011f\u0131\u015flar\u0131 i\u00e7in Valilik izinli hesap:\u0130BAN: TR59 0020 9000 0062 9260 0000 05<\/p>\n<p>Al\u0131c\u0131 : Adana \u0130HH<\/p>\n<p>A\u00e7\u0131klama: Kurban<\/p>\n<\/p><\/div>\n","protected":false},"excerpt":{"rendered":"<p>Yakla\u015fan Kurban Bayram\u0131 \u00f6ncesinde haz\u0131rl\u0131klar\u0131n\u0131 tamamlayan \u0130HH, bu y\u0131lki temas\u0131n\u0131 \u201cKurban Karde\u015fli\u011fe \u00c7a\u011fr\u0131\u201d olarak belirledi. Adana \u0130HH Ba\u015fkan\u0131 Mahmut Eraslan, vakf\u0131n 34 y\u0131ll\u0131k tecr\u00fcbesiyle bu bayramda da mazlum ve muhta\u00e7 co\u011frafyalara umut ta\u015f\u0131yacaklar\u0131n\u0131 ifade etti. Kurban Bedeli 11.500 TL Olarak Belirlendi Ba\u015fkan Eraslan, hay\u0131rseverlerin ba\u011f\u0131\u015flar\u0131yla yola \u00e7\u0131kacak ekiplerin haz\u0131rl\u0131klar\u0131n\u0131 s\u00fcrd\u00fcrd\u00fc\u011f\u00fcn\u00fc belirterek \u015fu ifadeleri kulland\u0131: \u201c\u0130HH [&hellip;]<\/p>\n","protected":false},"author":1,"featured_media":8332,"comment_status":"open","ping_status":"open","sticky":false,"template":"","format":"standard","meta":{"footnotes":""},"categories":[4],"tags":[],"class_list":["post-8331","post","type-post","status-publish","format-standard","has-post-thumbnail","hentry","category-gundem"],"_links":{"self":[{"href":"https:\/\/adanapostasi.com\/index.php\/wp-json\/wp\/v2\/posts\/8331","targetHints":{"allow":["GET"]}}],"collection":[{"href":"https:\/\/adanapostasi.com\/index.php\/wp-json\/wp\/v2\/posts"}],"about":[{"href":"https:\/\/adanapostasi.com\/index.php\/wp-json\/wp\/v2\/types\/post"}],"author":[{"embeddable":true,"href":"https:\/\/adanapostasi.com\/index.php\/wp-json\/wp\/v2\/users\/1"}],"replies":[{"embeddable":true,"href":"https:\/\/adanapostasi.com\/index.php\/wp-json\/wp\/v2\/comments?post=8331"}],"version-history":[{"count":0,"href":"https:\/\/adanapostasi.com\/index.php\/wp-json\/wp\/v2\/posts\/8331\/revisions"}],"wp:featuredmedia":[{"embeddable":true,"href":"https:\/\/adanapostasi.com\/index.php\/wp-json\/wp\/v2\/media\/8332"}],"wp:attachment":[{"href":"https:\/\/adanapostasi.com\/index.php\/wp-json\/wp\/v2\/media?parent=8331"}],"wp:term":[{"taxonomy":"category","embeddable":true,"href":"https:\/\/adanapostasi.com\/index.php\/wp-json\/wp\/v2\/categories?post=8331"},{"taxonomy":"post_tag","embeddable":true,"href":"https:\/\/adanapostasi.com\/index.php\/wp-json\/wp\/v2\/tags?post=8331"}],"curies":[{"name":"wp","href":"https:\/\/api.w.org\/{rel}","templated":true}]}}