{"id":8333,"date":"2026-04-27T21:09:22","date_gmt":"2026-04-27T18:09:22","guid":{"rendered":"https:\/\/adanapostasi.com\/index.php\/2026\/04\/27\/adanada-simal-sarac-firtinasi-hdh-medya\/"},"modified":"2026-04-27T21:09:22","modified_gmt":"2026-04-27T18:09:22","slug":"adanada-simal-sarac-firtinasi-hdh-medya","status":"publish","type":"post","link":"https:\/\/adanapostasi.com\/index.php\/2026\/04\/27\/adanada-simal-sarac-firtinasi-hdh-medya\/","title":{"rendered":"ADANA\u2019DA \u015e\u0130MAL SARA\u00c7 FIRTINASI! \u2013 HDH Medya"},"content":{"rendered":"<p><\/p>\n<div property=\"articleBody\">\n<div class=\"cap\">\n<p>                            <img loading=\"lazy\" width=\"740\" height=\"420\" src=\"https:\/\/www.hdhmedya.com\/wp-content\/uploads\/2026\/04\/2-740x420.jpeg\" class=\"attachment-ta_single size-ta_single wp-post-image\" alt=\"ADANA\u2019DA \u015e\u0130MAL SARA\u00c7 FIRTINASI!\" decoding=\"async\" srcset=\"https:\/\/www.hdhmedya.com\/wp-content\/uploads\/2026\/04\/2-740x420.jpeg 740w, https:\/\/www.hdhmedya.com\/wp-content\/uploads\/2026\/04\/2-300x169.jpeg 300w\" sizes=\"auto, (max-width: 740px) 100vw, 740px\"\/><\/p>\n<div class=\"sc-options \">\n<div class=\"flex-between\">\n<div class=\"sc-options-left\">\n                                        <a href=\"https:\/\/www.hdhmedya.com\/author\/hdhmedya\/\" class=\"sc-options-user\"><br \/>\n                                                                                            <img decoding=\"async\" src=\"https:\/\/www.hdhmedya.com\/wp-content\/themes\/haberadam\/img\/icons\/user.png\"\/><br \/>\n                                                                                    <\/a><\/p><\/div>\n<\/p><\/div>\n<\/p><\/div>\n<\/p><\/div>\n<p>\u201cEfsane Gazinosu\u201d \u0130\u00e7in Perdeler \u0130lk Kez Adana\u2019da A\u00e7\u0131l\u0131yor<\/p>\n<p>Adana, May\u0131s ay\u0131nda y\u0131l\u0131n en g\u00f6rkemli m\u00fczik organizasyonlar\u0131ndan birine ev sahipli\u011fi yapmaya haz\u0131rlan\u0131yor. T\u00fcrk m\u00fczi\u011finin sahnelerdeki g\u00fc\u00e7l\u00fc ve par\u0131lt\u0131l\u0131 sesi \u015eimal Sara\u00e7, merakla beklenen yeni projesi \u201cEfsane Gazinosu \u2013 Tribute\u201d ile T\u00fcrkiye turnesine kendi memleketi Adana\u2019dan ba\u015fl\u0131yor.<\/p>\n<p>70\u2019li ve 80\u2019li y\u0131llar\u0131n unutulmaz gazino gecelerini modern sahne \u015fovlar\u0131yla yeniden canland\u0131racak olan dev prod\u00fcksiyon, 14 May\u0131s Per\u015fembe g\u00fcn\u00fc saat 20.00\u2019de Adana B\u00fcy\u00fck\u015fehir Belediyesi Tiyatro Salonu\u2019nda sanatseverlerle bulu\u015facak.<\/p>\n<p>Nostalji R\u00fczg\u00e2r\u0131 Esecek<\/p>\n<p>\u015e\u0131k kost\u00fcmleri, etkileyici sahne performans\u0131 ve g\u00fc\u00e7l\u00fc yorumu ile ad\u0131ndan s\u0131k\u00e7a s\u00f6z ettiren \u015eimal Sara\u00e7, bu kez yaln\u0131zca bir konser de\u011fil, adeta ge\u00e7mi\u015fe uzanan b\u00fcy\u00fcl\u00fc bir yolculuk vadediyor.<\/p>\n<p>Gecede; Ferdi Tayfur, M\u00fcsl\u00fcm G\u00fcrses, Bergen, Ajda Pekkan, Sezen Aksu ve Tarkan gibi T\u00fcrk m\u00fczi\u011fine damga vurmu\u015f dev isimlerin unutulmaz eserleri seslendirilecek.<\/p>\n<p>\u201c\u0130lk Dura\u011f\u0131n Adana Olmas\u0131 Gurur Verici\u201d<\/p>\n<p>Sanat\u00e7\u0131 \u015eimal Sara\u00e7, bu \u00f6zel geceyle ilgili duygular\u0131n\u0131 \u015fu s\u00f6zlerle ifade etti:<\/p>\n<p>\u201cBiz sadece \u015fark\u0131 s\u00f6ylemeye de\u011fil, \u00f6zledi\u011fimiz o sayg\u0131l\u0131, \u015f\u0131k ve ruhu olan gazino ak\u015famlar\u0131n\u0131 yeniden ya\u015fatmaya geliyoruz. \u0130lk dura\u011f\u0131m\u0131z\u0131n Adana olmas\u0131 benim i\u00e7in b\u00fcy\u00fck bir onur. T\u00fcm sevenlerimi bu efsane geceye bekliyorum.\u201d<\/p>\n<p>Yerler S\u0131n\u0131rl\u0131, \u0130lgi B\u00fcy\u00fck<\/p>\n<p>Sosyal medyada duyurulmas\u0131n\u0131n ard\u0131ndan yo\u011fun ilgi g\u00f6ren organizasyon i\u00e7in biletlerin h\u0131zla t\u00fckendi\u011fi \u00f6\u011frenildi. \u015eimdiden b\u00fcy\u00fck ses getiren konser i\u00e7in geri say\u0131m ba\u015flad\u0131.<\/p>\n<\/p><\/div>\n","protected":false},"excerpt":{"rendered":"<p>\u201cEfsane Gazinosu\u201d \u0130\u00e7in Perdeler \u0130lk Kez Adana\u2019da A\u00e7\u0131l\u0131yor Adana, May\u0131s ay\u0131nda y\u0131l\u0131n en g\u00f6rkemli m\u00fczik organizasyonlar\u0131ndan birine ev sahipli\u011fi yapmaya haz\u0131rlan\u0131yor. T\u00fcrk m\u00fczi\u011finin sahnelerdeki g\u00fc\u00e7l\u00fc ve par\u0131lt\u0131l\u0131 sesi \u015eimal Sara\u00e7, merakla beklenen yeni projesi \u201cEfsane Gazinosu \u2013 Tribute\u201d ile T\u00fcrkiye turnesine kendi memleketi Adana\u2019dan ba\u015fl\u0131yor. 70\u2019li ve 80\u2019li y\u0131llar\u0131n unutulmaz gazino gecelerini modern sahne \u015fovlar\u0131yla [&hellip;]<\/p>\n","protected":false},"author":1,"featured_media":8334,"comment_status":"open","ping_status":"open","sticky":false,"template":"","format":"standard","meta":{"footnotes":""},"categories":[4],"tags":[],"class_list":["post-8333","post","type-post","status-publish","format-standard","has-post-thumbnail","hentry","category-gundem"],"_links":{"self":[{"href":"https:\/\/adanapostasi.com\/index.php\/wp-json\/wp\/v2\/posts\/8333","targetHints":{"allow":["GET"]}}],"collection":[{"href":"https:\/\/adanapostasi.com\/index.php\/wp-json\/wp\/v2\/posts"}],"about":[{"href":"https:\/\/adanapostasi.com\/index.php\/wp-json\/wp\/v2\/types\/post"}],"author":[{"embeddable":true,"href":"https:\/\/adanapostasi.com\/index.php\/wp-json\/wp\/v2\/users\/1"}],"replies":[{"embeddable":true,"href":"https:\/\/adanapostasi.com\/index.php\/wp-json\/wp\/v2\/comments?post=8333"}],"version-history":[{"count":0,"href":"https:\/\/adanapostasi.com\/index.php\/wp-json\/wp\/v2\/posts\/8333\/revisions"}],"wp:featuredmedia":[{"embeddable":true,"href":"https:\/\/adanapostasi.com\/index.php\/wp-json\/wp\/v2\/media\/8334"}],"wp:attachment":[{"href":"https:\/\/adanapostasi.com\/index.php\/wp-json\/wp\/v2\/media?parent=8333"}],"wp:term":[{"taxonomy":"category","embeddable":true,"href":"https:\/\/adanapostasi.com\/index.php\/wp-json\/wp\/v2\/categories?post=8333"},{"taxonomy":"post_tag","embeddable":true,"href":"https:\/\/adanapostasi.com\/index.php\/wp-json\/wp\/v2\/tags?post=8333"}],"curies":[{"name":"wp","href":"https:\/\/api.w.org\/{rel}","templated":true}]}}