{"id":8337,"date":"2026-04-28T19:14:14","date_gmt":"2026-04-28T16:14:14","guid":{"rendered":"https:\/\/adanapostasi.com\/index.php\/2026\/04\/28\/hedefimiz-daha-hizli-ve-daha-guven-veren-bir-adalet-insa-etmek\/"},"modified":"2026-04-28T19:14:14","modified_gmt":"2026-04-28T16:14:14","slug":"hedefimiz-daha-hizli-ve-daha-guven-veren-bir-adalet-insa-etmek","status":"publish","type":"post","link":"https:\/\/adanapostasi.com\/index.php\/2026\/04\/28\/hedefimiz-daha-hizli-ve-daha-guven-veren-bir-adalet-insa-etmek\/","title":{"rendered":"Hedefimiz Daha H\u0131zl\u0131 ve Daha G\u00fcven Veren Bir Adalet \u0130n\u015fa Etmek"},"content":{"rendered":"<p><\/p>\n<div property=\"articleBody\" id=\"detailcontent\">\n<p>Adalet Bakan\u0131 Ak\u0131n G\u00fcrlek, hedeflerinin daha h\u0131zl\u0131, daha \u00f6ng\u00f6r\u00fclebilir ve daha g\u00fcven veren bir adalet in\u015fa etmek oldu\u011funu s\u00f6yledi.<\/p>\n<p>Adalet Bakan\u0131 Ak\u0131n G\u00fcrlek, M\u00dcS\u0130AD Genel Merkezi\u2019nde d\u00fczenlenen \u201cTicaret ve Yat\u0131r\u0131mda Hukuki G\u00fcvence Zirvesi\u201d program\u0131na kat\u0131ld\u0131.<\/p>\n<p>Bakan G\u00fcrlek, T\u00fcrkiye\u2019nin ekonomide kaydetti\u011fi b\u00fcy\u00fcmenin sadece b\u00f6lgede de\u011fil d\u00fcnyada da takdirle kar\u015f\u0131land\u0131\u011f\u0131n\u0131 kaydetti.<\/p>\n<p>M\u00dcS\u0130AD\u2019\u0131n T\u00fcrkiye i\u00e7in medar\u0131iftihar oldu\u011funu s\u00f6yleyen Bakan G\u00fcrlek, \u201cKuruldu\u011fu g\u00fcnden bug\u00fcne M\u00dcS\u0130AD\u2019\u0131n \u00fcretmeyi, sorumluluk almay\u0131 tercih etti\u011fini ve t\u00fcm engellemelere ra\u011fmen \u00fclke ekonomisine katk\u0131 sunmay\u0131 vazife olarak g\u00f6rd\u00fc\u011f\u00fcne \u015fahitlik ettik.\u201d diye konu\u015ftu.<\/p>\n<p>Bakan G\u00fcrlek, M\u00dcS\u0130AD\u2019\u0131n t\u00fcm bask\u0131lara t\u00fcm zorluklara, cuntac\u0131 anlay\u0131\u015flar\u0131n tuzaklar\u0131na, \u00f6n\u00fcne konulan t\u00fcm engellemelere ra\u011fmen \u00fclke ekonomisine katk\u0131 sunmay\u0131 vatani bir bor\u00e7 olarak g\u00f6rd\u00fc\u011f\u00fcn\u00fcn alt\u0131n\u0131 \u00e7izdi.<\/p>\n<p>Reel sekt\u00f6r\u00fcn g\u00fc\u00e7l\u00fc, s\u00fcrd\u00fcr\u00fclebilir ve \u00f6ng\u00f6r\u00fclebilir bir hukuki zemin \u00fczerine faaliyet g\u00f6stermesinin ekonomik istikrar\u0131n en temel unsurlar\u0131ndan biri oldu\u011funu ifade eden Bakan G\u00fcrlek \u015f\u00f6yle konu\u015ftu:<\/p>\n<p>\u201cSermayenin, \u00fcretimin ve kalk\u0131nman\u0131n en b\u00fcy\u00fck g\u00fcvencesi \u00f6ng\u00f6r\u00fclebilir, g\u00fcvenilir ve ayn\u0131 zamanda h\u0131zl\u0131 i\u015fleyen bir hukuk sistemidir. Sermaye duygularla de\u011fil, g\u00fcvenle hareket eden, yat\u0131r\u0131mc\u0131y\u0131 cezbeden te\u015fviklerdir ama onu \u00fclkede tutan hukuki g\u00fcvencedir. Bu anlay\u0131\u015fla Adalet Bakanl\u0131\u011f\u0131 olarak temel yakla\u015f\u0131m\u0131m\u0131z \u00fcreten, yat\u0131r\u0131m yapan, istihdam sa\u011flayan herkesin hukuki g\u00fcven i\u00e7erisinde faaliyet g\u00f6sterebilece\u011fi, \u00fclkemizin hukuki zeminini, daha g\u00fc\u00e7l\u00fc, daha h\u0131zl\u0131 ve g\u00fcvenli hale getirmektir.\u201d<\/p>\n<p>\u201cYEN\u0130 ANAYASA \u00c7ALI\u015eMALARINA \u00d6NEM VER\u0130YORUZ\u201d<\/p>\n<p>Adalet Bakan\u0131 Ak\u0131n G\u00fcrlek, yeni anayasa konusundaki \u00e7al\u0131\u015fmalara \u00f6nem verdiklerini ifade etti.<\/p>\n<p>T\u00fcrkiye\u2019nin b\u00fcy\u00fcyen ekonomisi ve k\u00fcresel rekabet g\u00fcc\u00fc a\u00e7\u0131s\u0131ndan yeni ve g\u00fcncel bir anayasa ihtiyac\u0131 art\u0131k daha g\u00f6r\u00fcn\u00fcr hale geldi\u011fini s\u00f6yleyen Bakan G\u00fcrlek, \u201cDaha demokratik, ki\u015fi ve kurumlar\u0131 g\u00fc\u00e7l\u00fc bir bi\u00e7imde g\u00fcvence alt\u0131na alan, toplumsal bar\u0131\u015f ve huzurun teminat\u0131 olan, ortak mutabakattan ge\u00e7mi\u015f bir anayasan\u0131n art\u0131k T\u00fcrkiye Y\u00fczy\u0131l\u0131\u2019nda y\u00fcr\u00fcrl\u00fc\u011fe girmesi gerekiyor. Yeni anayasa konusunda \u00e7al\u0131\u015fmalara \u00e7ok \u00f6nem veriyoruz. Biz de ayr\u0131 bir komisyon kurduk. Bu s\u00fcreci de yak\u0131ndan takip ediyoruz.\u201d dedi.<\/p>\n<p>\u201c\u00d6NCEL\u0130\u011e\u0130M\u0130Z \u0130\u015e D\u00dcNYASININ ZAMANINI \u00dcRET\u0130M SAHALARINDA HARCAMASI\u201d<\/p>\n<p>Bakan G\u00fcrlek, 12. Yarg\u0131 Paketi \u00e7al\u0131\u015fmalar\u0131n\u0131n devam etti\u011fini hat\u0131rlatarak, ticari davalarda usul s\u00fcre\u00e7lerini sadele\u015ftirmek, bu mahkemelerin i\u015f y\u00fck\u00fcn\u00fc dengeleyen yap\u0131sal ad\u0131mlar atmak ve dijitalle\u015fmeyle s\u00fcre\u00e7leri daha h\u0131zl\u0131 ve etkin hale getirmek i\u00e7in durmaks\u0131z\u0131n \u00e7al\u0131\u015ft\u0131klar\u0131n\u0131 belirterek, \u201cBizim \u00f6nceli\u011fimiz i\u015f d\u00fcnyas\u0131n\u0131n zaman\u0131n\u0131 mahkeme koridorlar\u0131nda de\u011fil, \u00fcretim sahalar\u0131nda harcamas\u0131n\u0131 sa\u011flamakt\u0131r. Bizim hedefimiz sadece h\u0131zl\u0131 karar veren bir yarg\u0131 de\u011fil, daha h\u0131zl\u0131, daha \u00f6ng\u00f6r\u00fclebilir ve daha g\u00fcven veren bir adalet in\u015fa etmektir.\u201d dedi.<\/p>\n<p>Ticaret Mahkemesi Ba\u015fkanlar\u0131n\u0131n fikirlerine \u00f6nem verdiklerinin alt\u0131n\u0131 \u00e7izen Bakan G\u00fcrlek,\u201d \u00d6zellikle \u00e7o\u011funuzu yo\u011fun bir \u015fekilde adli koridorlarda vaktinizi harc\u0131yorsunuz. \u0130n\u015fallah bu s\u00fcre\u00e7leri k\u0131saltaca\u011f\u0131z, sadele\u015ftirece\u011fiz. Burada \u00e7ok kapsaml\u0131 bir \u00e7al\u0131\u015fma yapt\u0131k.\u201d dedi.<\/p>\n<p>\u201cT\u0130CARET DAVALARINI HIZLANDIRACA\u011eIZ\u201d<\/p>\n<p>Bakan G\u00fcrlek, ticaret mahkemelerini ihtisasla\u015fm\u0131\u015f hale getirmek i\u00e7in \u00e7al\u0131\u015ft\u0131klar\u0131n\u0131 belirtti. Ticaret mahkemelerini \u0130stanbul\u2019da tek \u00e7at\u0131 alt\u0131nda toplad\u0131klar\u0131n\u0131 dile getiren Bakan G\u00fcrlek, \u201cBa\u015fta \u0130stanbul olmak \u00fczere ticaretin ve sanayinin yo\u011fun oldu\u011fu merkezlerde mahkemeleri daha g\u00fc\u00e7l\u00fc ve daha entegre bir yap\u0131 alt\u0131nda toplamaya, hakim kadrolar\u0131n\u0131 g\u00fc\u00e7lendirmeye, uzmanla\u015fmay\u0131 art\u0131rmaya \u00e7al\u0131\u015f\u0131yoruz.\u201d diye konu\u015ftu.<\/p>\n<p>Ticaret davalar\u0131n\u0131n art\u0131k uzun s\u00fcrmeyece\u011fini belirten Bakan G\u00fcrlek, \u201cAma\u00e7 \u00f6zellikle ticari davalar\u0131n h\u0131zlanmas\u0131 ve ihtisasla\u015fmas\u0131.\u201d dedi.<\/p>\n<p>\u201cYATIRIMCILARIN HUKUK\u0130 G\u00dcVENCES\u0130N\u0130 D\u00dc\u015e\u00dcN\u00dcYORUZ\u201d<\/p>\n<p>Bakan G\u00fcrlek, Cumhurba\u015fkan\u0131 Recep Tayyip Erdo\u011fan\u2019\u0131n ge\u00e7en haftalarda a\u00e7\u0131klad\u0131\u011f\u0131 yat\u0131r\u0131m te\u015fvik paketini hat\u0131rlatarak, \u201cYa\u015fanan sava\u015f s\u00fcrecinden dolay\u0131 yurt d\u0131\u015f\u0131ndaki sermayenin T\u00fcrkiye\u2019ye gelmesi i\u00e7in ger\u00e7ekten \u00e7ok \u00f6nemli te\u015fvikler, vergisiz alan kuruldu. Biz de bu te\u015fvik paketleriyle birlikte yat\u0131r\u0131mc\u0131n\u0131n T\u00fcrkiye\u2019ye gelebilmesi i\u00e7in hukuki g\u00fcvenlik zemini olu\u015fturmak istiyoruz, tahkimle ilgili \u00e7al\u0131\u015fmalar\u0131m\u0131z var. \u00d6zellikle yabanc\u0131 yat\u0131r\u0131mc\u0131 T\u00fcrkiye\u2019ye gelirken, birinci olarak hukuki g\u00fcvenlik, ikinci olarak tahkim istiyor. Bu konuda da tahkimle ilgili de yasal \u00e7al\u0131\u015fmalar\u0131m\u0131z var.\u201d ifadelerini kulland\u0131.<\/p>\n<p>Bakan G\u00fcrlek, kayna\u011f\u0131 belli olmayan parayla da m\u00fccadelenin sonuna kadar devam edece\u011fine vurgu yapt\u0131. T\u00fcrkiye g\u00fcvenle yat\u0131r\u0131m yap\u0131lan bir \u00fclke olma yolunda h\u0131zla ilerledi\u011fini ifade eden Bakan G\u00fcrlek, \u201cBu \u00e7er\u00e7evede yabanc\u0131 yat\u0131r\u0131mc\u0131lar\u0131n hukuki g\u00fcvenli\u011fi de b\u00fcy\u00fck \u00f6nem ta\u015f\u0131maktad\u0131r. Bu do\u011frultuda tahkim ba\u015fta olmak \u00fczere uluslararas\u0131 yat\u0131r\u0131m hukukuna ili\u015fkin mekanizmalar\u0131 g\u00fc\u00e7lendiriyor, yabanc\u0131 sermayenin haklar\u0131n\u0131 daha da g\u00fcvence alt\u0131na alan bir yap\u0131 i\u00e7in titizlikle \u00e7al\u0131\u015f\u0131yoruz.\u201d dedi.<\/p>\n<p>Yerli ve milli giri\u015fimciler i\u00e7in de bu kapsamda bir k\u0131s\u0131m hukuki d\u00fczenlemeler yap\u0131ld\u0131\u011f\u0131n\u0131 a\u00e7\u0131klayan Bakan G\u00fcrlek, \u201cHem yabanc\u0131 yat\u0131r\u0131mc\u0131lar\u0131n hem de yerli giri\u015fimcilerimizin hukuki g\u00fcvencesini artt\u0131rmay\u0131 d\u00fc\u015f\u00fcn\u00fcyoruz.\u201d diye konu\u015ftu.<\/p>\n<p>Bakan G\u00fcrlek, \u201dAyd\u0131nlat\u0131lmay\u0131 bekleyen t\u00fcm \u015f\u00fcpheli dosyalar sadece hukuk sistemimiz a\u00e7\u0131s\u0131ndan de\u011fil, ayn\u0131 zamanda yerli ve yabanc\u0131 yat\u0131r\u0131mc\u0131lar\u0131n da hassasiyetle takip etti\u011fi dosyalard\u0131r.\u201d dedi.<\/p>\n<p>Bakan G\u00fcrlek, \u015f\u00fcphe bar\u0131nd\u0131ran hi\u00e7bir dosyan\u0131n ilgisiz b\u0131rak\u0131lmayaca\u011f\u0131n\u0131 belirtti.<\/p>\n<p>\u201cKARA PARANIN OLDU\u011eU YERDE REKABET OLMAZ\u201d<\/p>\n<p>\u00a0Bakan G\u00fcrlek, \u201cTemiz ekonomi g\u00fc\u00e7l\u00fc devletin en \u00f6nemli g\u00f6stergelerinden biridir. Kara paran\u0131n oldu\u011fu yerde rekabet olmaz, g\u00fcven olmaz, s\u00fcrd\u00fcr\u00fclebilir b\u00fcy\u00fcme olmaz. Bu nedenle kara para ve \u015f\u00fcpheli sermayeyle m\u00fccadele konusundaki hassasiyetimiz kararl\u0131l\u0131kla devam etmektedir.\u201d diye konu\u015ftu.<\/p>\n<p>\u201cKONKORDATO \u00d6NEML\u0130 B\u0130R MEKANIZMADIR\u201d<\/p>\n<p>Konkordato uygulamalar\u0131n\u0131n da \u00f6nem arz etti\u011fini dile getiren G\u00fcrlek, \u201cKonkordato do\u011fru uyguland\u0131\u011f\u0131nda i\u015fletmeleri yeniden aya\u011fa kald\u0131ran \u00f6nemli bir mekanizmad\u0131r ancak uygulamada baz\u0131 suistimallerin ortaya \u00e7\u0131kt\u0131\u011f\u0131n\u0131 yak\u0131ndan takip ediyoruz. Maalesef konkordato davalar\u0131nda baz\u0131 i\u015f adamlar\u0131m\u0131z bu s\u00fcre\u00e7leri k\u00f6t\u00fc kullan\u0131yor. Biz \u00f6zellikle konkordatonun bir ka\u00e7\u0131\u015f yolu de\u011fil, ger\u00e7ekten ayakta kalabilecek i\u015fletmeler i\u00e7in yeniden bir do\u011fu\u015f oldu\u011funu d\u00fc\u015f\u00fcn\u00fcyoruz. Hi\u00e7 kimsenin hukuku suistimal ederek piyasa dengesini bozmas\u0131na m\u00fcsaade etmeyece\u011fiz. Konkordatoyla ilgili de bir k\u0131s\u0131m d\u00fczenleme d\u00fc\u015f\u00fcnmekteyiz.\u201d ifadelerini kulland\u0131.<\/p>\n<p>Bakan G\u00fcrlek, Adalet Bakanl\u0131\u011f\u0131 olarak \u00f6zellikle Ticaret, Hazine ve Maliye, Sanayi ve Teknoloji bakanl\u0131klar\u0131yla da e\u015f g\u00fcd\u00fcm i\u00e7erisinde \u00e7al\u0131\u015ft\u0131klar\u0131n\u0131, i\u015f d\u00fcnyas\u0131n\u0131 ilgilendiren t\u00fcm ba\u015fl\u0131klarda kurumlar aras\u0131nda koordinasyonu art\u0131rarak daha h\u0131zl\u0131 ve etkin \u00e7\u00f6z\u00fcmler \u00fcretmeye devam edeceklerini dile getirdi.<\/p>\n<p>Sahadan gelecek her g\u00f6r\u00fc\u015f ve \u00f6nerinin \u00e7ok k\u0131ymetli oldu\u011funa vurgu yapan Bakan G\u00fcrlek, \u201cKap\u0131m\u0131z sizlere her zaman a\u00e7\u0131kt\u0131r. Bu isti\u015fare zemininin g\u00fc\u00e7lenmesi hem hukuk sistemimiz hem de ekonomik yap\u0131n\u0131n daha sa\u011flam temeller y\u00fckseltilmesine katk\u0131 sa\u011flayacakt\u0131r. Bizler de bu do\u011frultuda sizlerden gelecek her yap\u0131c\u0131 katk\u0131y\u0131 dikkatle de\u011ferlendiriyoruz somut ad\u0131mlara d\u00f6n\u00fc\u015ft\u00fcrmek i\u00e7in gerekli hamleleri yap\u0131yoruz\u201d dedi.<\/p>\n<\/div>\n","protected":false},"excerpt":{"rendered":"<p>Adalet Bakan\u0131 Ak\u0131n G\u00fcrlek, hedeflerinin daha h\u0131zl\u0131, daha \u00f6ng\u00f6r\u00fclebilir ve daha g\u00fcven veren bir adalet in\u015fa etmek oldu\u011funu s\u00f6yledi. Adalet Bakan\u0131 Ak\u0131n G\u00fcrlek, M\u00dcS\u0130AD Genel Merkezi\u2019nde d\u00fczenlenen \u201cTicaret ve Yat\u0131r\u0131mda Hukuki G\u00fcvence Zirvesi\u201d program\u0131na kat\u0131ld\u0131. Bakan G\u00fcrlek, T\u00fcrkiye\u2019nin ekonomide kaydetti\u011fi b\u00fcy\u00fcmenin sadece b\u00f6lgede de\u011fil d\u00fcnyada da takdirle kar\u015f\u0131land\u0131\u011f\u0131n\u0131 kaydetti. M\u00dcS\u0130AD\u2019\u0131n T\u00fcrkiye i\u00e7in medar\u0131iftihar oldu\u011funu s\u00f6yleyen [&hellip;]<\/p>\n","protected":false},"author":1,"featured_media":8338,"comment_status":"open","ping_status":"open","sticky":false,"template":"","format":"standard","meta":{"footnotes":""},"categories":[4],"tags":[],"class_list":["post-8337","post","type-post","status-publish","format-standard","has-post-thumbnail","hentry","category-gundem"],"_links":{"self":[{"href":"https:\/\/adanapostasi.com\/index.php\/wp-json\/wp\/v2\/posts\/8337","targetHints":{"allow":["GET"]}}],"collection":[{"href":"https:\/\/adanapostasi.com\/index.php\/wp-json\/wp\/v2\/posts"}],"about":[{"href":"https:\/\/adanapostasi.com\/index.php\/wp-json\/wp\/v2\/types\/post"}],"author":[{"embeddable":true,"href":"https:\/\/adanapostasi.com\/index.php\/wp-json\/wp\/v2\/users\/1"}],"replies":[{"embeddable":true,"href":"https:\/\/adanapostasi.com\/index.php\/wp-json\/wp\/v2\/comments?post=8337"}],"version-history":[{"count":0,"href":"https:\/\/adanapostasi.com\/index.php\/wp-json\/wp\/v2\/posts\/8337\/revisions"}],"wp:featuredmedia":[{"embeddable":true,"href":"https:\/\/adanapostasi.com\/index.php\/wp-json\/wp\/v2\/media\/8338"}],"wp:attachment":[{"href":"https:\/\/adanapostasi.com\/index.php\/wp-json\/wp\/v2\/media?parent=8337"}],"wp:term":[{"taxonomy":"category","embeddable":true,"href":"https:\/\/adanapostasi.com\/index.php\/wp-json\/wp\/v2\/categories?post=8337"},{"taxonomy":"post_tag","embeddable":true,"href":"https:\/\/adanapostasi.com\/index.php\/wp-json\/wp\/v2\/tags?post=8337"}],"curies":[{"name":"wp","href":"https:\/\/api.w.org\/{rel}","templated":true}]}}