{"id":8341,"date":"2026-04-30T05:00:21","date_gmt":"2026-04-30T02:00:21","guid":{"rendered":"https:\/\/adanapostasi.com\/index.php\/2026\/04\/30\/mayista-kar-bekleniyor\/"},"modified":"2026-04-30T05:00:21","modified_gmt":"2026-04-30T02:00:21","slug":"mayista-kar-bekleniyor","status":"publish","type":"post","link":"https:\/\/adanapostasi.com\/index.php\/2026\/04\/30\/mayista-kar-bekleniyor\/","title":{"rendered":"May\u0131s&#8217;ta kar bekleniyor"},"content":{"rendered":"<p><\/p>\n<div property=\"articleBody\" id=\"detailcontent\">\n<p dataend=\"976\" datastart=\"690\">\u00d6zellikle 3 May\u0131s Pazar g\u00fcn\u00fcnden itibaren Ankara, Eski\u015fehir, Kayseri, Sivas ve Bolu \u00e7evrelerinde karla kar\u0131\u015f\u0131k ya\u011fmur etkili olacak.<\/p>\n<h2 dataend=\"1014\" datasectionid=\"19xmlkn\" datastart=\"978\"><strong>10 dereceyi a\u015fan d\u00fc\u015f\u00fc\u015f bekleniyor<\/strong><\/h2>\n<h2 dataend=\"1482\" datasectionid=\"1ymmzno\" datastart=\"1443\"><strong>Do\u011fu\u2019da \u00e7\u0131\u011f, Bat\u0131\u2019da f\u0131rt\u0131na uyar\u0131s\u0131<\/strong><\/h2>\n<p dataend=\"1629\" datastart=\"1484\">Do\u011fu Anadolu\u2019da kar \u00f6rt\u00fcs\u00fcn\u00fcn bulundu\u011fu dik yama\u00e7larda \u00e7\u0131\u011f tehlikesi s\u00fcrerken, Marmara ve Ege b\u00f6lgelerinde kuvvetli r\u00fczgar ve f\u0131rt\u0131na bekleniyor.<\/p>\n<ul dataend=\"2021\" datastart=\"1702\">&#13;<\/p>\n<li dataend=\"1774\" datasectionid=\"4i2h5y\" datastart=\"1702\">Ankara: 3 \/ 11 (karla kar\u0131\u015f\u0131k ya\u011fmur)<\/li>\n<li dataend=\"1835\" datasectionid=\"13nb7m6\" datastart=\"1775\">\u0130stanbul: 9 \/ 13 (ya\u011fmurlu)<\/li>\n<li dataend=\"1955\" datasectionid=\"zff4sc\" datastart=\"1836\">Sivas \/ Kayseri: 1 \/ 10 (kar ve karla kar\u0131\u015f\u0131k ya\u011fmur)<\/li>\n<li dataend=\"2021\" datasectionid=\"1bwy95x\" datastart=\"1956\">Erzurum: 2 \/ 7 (kar ya\u011f\u0131\u015fl\u0131)<\/li>\n<\/ul>\n<p dataend=\"2132\" dataislastnode=\"\" dataisonlynode=\"\" datastart=\"2023\">Meteoroloji, vatanda\u015flar\u0131 ani s\u0131cakl\u0131k de\u011fi\u015fimleri ve olumsuz hava ko\u015fullar\u0131na kar\u015f\u0131 dikkatli olmaya \u00e7a\u011f\u0131rd\u0131.<\/p>\n<\/div>\n","protected":false},"excerpt":{"rendered":"<p>\u00d6zellikle 3 May\u0131s Pazar g\u00fcn\u00fcnden itibaren Ankara, Eski\u015fehir, Kayseri, Sivas ve Bolu \u00e7evrelerinde karla kar\u0131\u015f\u0131k ya\u011fmur etkili olacak. 10 dereceyi a\u015fan d\u00fc\u015f\u00fc\u015f bekleniyor Do\u011fu\u2019da \u00e7\u0131\u011f, Bat\u0131\u2019da f\u0131rt\u0131na uyar\u0131s\u0131 Do\u011fu Anadolu\u2019da kar \u00f6rt\u00fcs\u00fcn\u00fcn bulundu\u011fu dik yama\u00e7larda \u00e7\u0131\u011f tehlikesi s\u00fcrerken, Marmara ve Ege b\u00f6lgelerinde kuvvetli r\u00fczgar ve f\u0131rt\u0131na bekleniyor. &#13; Ankara: 3 \/ 11 (karla kar\u0131\u015f\u0131k ya\u011fmur) [&hellip;]<\/p>\n","protected":false},"author":1,"featured_media":8342,"comment_status":"open","ping_status":"open","sticky":false,"template":"","format":"standard","meta":{"footnotes":""},"categories":[4],"tags":[],"class_list":["post-8341","post","type-post","status-publish","format-standard","has-post-thumbnail","hentry","category-gundem"],"_links":{"self":[{"href":"https:\/\/adanapostasi.com\/index.php\/wp-json\/wp\/v2\/posts\/8341","targetHints":{"allow":["GET"]}}],"collection":[{"href":"https:\/\/adanapostasi.com\/index.php\/wp-json\/wp\/v2\/posts"}],"about":[{"href":"https:\/\/adanapostasi.com\/index.php\/wp-json\/wp\/v2\/types\/post"}],"author":[{"embeddable":true,"href":"https:\/\/adanapostasi.com\/index.php\/wp-json\/wp\/v2\/users\/1"}],"replies":[{"embeddable":true,"href":"https:\/\/adanapostasi.com\/index.php\/wp-json\/wp\/v2\/comments?post=8341"}],"version-history":[{"count":0,"href":"https:\/\/adanapostasi.com\/index.php\/wp-json\/wp\/v2\/posts\/8341\/revisions"}],"wp:featuredmedia":[{"embeddable":true,"href":"https:\/\/adanapostasi.com\/index.php\/wp-json\/wp\/v2\/media\/8342"}],"wp:attachment":[{"href":"https:\/\/adanapostasi.com\/index.php\/wp-json\/wp\/v2\/media?parent=8341"}],"wp:term":[{"taxonomy":"category","embeddable":true,"href":"https:\/\/adanapostasi.com\/index.php\/wp-json\/wp\/v2\/categories?post=8341"},{"taxonomy":"post_tag","embeddable":true,"href":"https:\/\/adanapostasi.com\/index.php\/wp-json\/wp\/v2\/tags?post=8341"}],"curies":[{"name":"wp","href":"https:\/\/api.w.org\/{rel}","templated":true}]}}