{"id":8345,"date":"2026-05-01T14:54:19","date_gmt":"2026-05-01T11:54:19","guid":{"rendered":"https:\/\/adanapostasi.com\/index.php\/2026\/05\/01\/1-mayis-emek-ve-dayanisma-gunumuzu-kutluyoruz\/"},"modified":"2026-05-01T14:54:19","modified_gmt":"2026-05-01T11:54:19","slug":"1-mayis-emek-ve-dayanisma-gunumuzu-kutluyoruz","status":"publish","type":"post","link":"https:\/\/adanapostasi.com\/index.php\/2026\/05\/01\/1-mayis-emek-ve-dayanisma-gunumuzu-kutluyoruz\/","title":{"rendered":"1 May\u0131s Emek ve Dayan\u0131\u015fma G\u00fcn\u00fc\u2019m\u00fcz\u00fc kutluyoruz"},"content":{"rendered":"<p><\/p>\n<div property=\"articleBody\" id=\"detailcontent\">\n<section datascrollanchor=\"false\" datatestid=\"conversationturn2\" dataturn=\"assistant\" dataturnid=\"requestWEB:e35a115c640d4e3a843ea7e8cf40a4251\" dir=\"auto\">&#13;<\/p>\n<p dataend=\"660\" datastart=\"295\">\u00c7al\u0131\u015fma ve Sosyal G\u00fcvenlik Bakan\u0131 Vedat I\u015f\u0131khan, 1 May\u0131s Emek ve Dayan\u0131\u015fma G\u00fcn\u00fc dolay\u0131s\u0131yla bir mesaj yay\u0131mlad\u0131. Bakan Vedat I\u015f\u0131khan, mesaj\u0131nda d\u00fcnyada ve T\u00fcrkiye\u2019de eme\u011fin, al\u0131n terinin ve dayan\u0131\u015fman\u0131n simgesi olan bu \u00f6zel g\u00fcn\u00fc kutlad\u0131klar\u0131n\u0131 belirterek, t\u00fcm i\u015f\u00e7i ve emek\u00e7ilere selamlar\u0131n\u0131 iletti.<\/p>\n<p dataend=\"1193\" datastart=\"662\">\u00c7al\u0131\u015fma ve Sosyal G\u00fcvenlik Bakan\u0131 Vedat I\u015f\u0131khan, T\u00fcrkiye\u2019de \u00e7al\u0131\u015fanlar\u0131n haklar\u0131n\u0131 g\u00fc\u00e7lendirmeye y\u00f6nelik \u00f6nemli reformlar\u0131n hayata ge\u00e7irildi\u011fini vurgulayarak, eme\u011fin sadece ekonomik bir unsur de\u011fil, korunmas\u0131 ve sayg\u0131 g\u00f6sterilmesi gereken bir de\u011fer oldu\u011funu ifade etti. \u00c7al\u0131\u015fanlar\u0131n hem maddi hem de sosyal haklar\u0131n\u0131n geli\u015ftirilmesi i\u00e7in kapsaml\u0131 politikalar y\u00fcr\u00fct\u00fcld\u00fc\u011f\u00fcn\u00fc aktaran Bakan Vedat I\u015f\u0131khan, \u00e7al\u0131\u015fma ko\u015fullar\u0131n\u0131n iyile\u015ftirilmesine y\u00f6nelik d\u00fczenlemelerin s\u00fcrd\u00fc\u011f\u00fcn\u00fc kaydetti.<\/p>\n<p dataend=\"1664\" datastart=\"1195\">\u00c7al\u0131\u015fma ve Sosyal G\u00fcvenlik Bakan\u0131 Vedat I\u015f\u0131khan, sosyal devlet anlay\u0131\u015f\u0131 do\u011frultusunda ma\u011fduriyetlerin giderilmesi, sendikal \u00f6zg\u00fcrl\u00fcklerin g\u00fc\u00e7lendirilmesi ve \u00e7al\u0131\u015fma hayat\u0131ndaki sorunlar\u0131n \u00e7\u00f6z\u00fcm\u00fc i\u00e7in kararl\u0131 ad\u0131mlar at\u0131ld\u0131\u011f\u0131n\u0131 belirtti. T\u00fcrkiye\u2019nin kalk\u0131nma s\u00fcrecinde eme\u011fin ve \u00fcretimin merkezi rol oynad\u0131\u011f\u0131n\u0131 dile getiren Bakan Vedat I\u015f\u0131khan, toplumun t\u00fcm kesimlerinin refah\u0131n\u0131n art\u0131r\u0131lmas\u0131n\u0131n hedeflendi\u011fini ifade etti.<\/p>\n<p dataend=\"2039\" dataislastnode=\"\" dataisonlynode=\"\" datastart=\"1666\">Mesaj\u0131nda birlik ve dayan\u0131\u015fma vurgusu yapan \u00c7al\u0131\u015fma ve Sosyal G\u00fcvenlik Bakan\u0131 Vedat I\u015f\u0131khan, 1 May\u0131s\u2019\u0131n bar\u0131\u015f, huzur ve karde\u015flik i\u00e7inde ge\u00e7mesi temennisinde bulundu. Bakan Vedat I\u015f\u0131khan, ba\u015fta T\u00fcrkiye\u2019deki \u00e7al\u0131\u015fanlar olmak \u00fczere, eme\u011fiyle hayat\u0131n\u0131 kazanan t\u00fcm i\u015f\u00e7i ve memurlar i\u00e7in bu g\u00fcn\u00fcn hay\u0131rlara vesile olmas\u0131n\u0131 diledi.<\/p>\n<\/section>\n<\/div>\n","protected":false},"excerpt":{"rendered":"<p>&#13; \u00c7al\u0131\u015fma ve Sosyal G\u00fcvenlik Bakan\u0131 Vedat I\u015f\u0131khan, 1 May\u0131s Emek ve Dayan\u0131\u015fma G\u00fcn\u00fc dolay\u0131s\u0131yla bir mesaj yay\u0131mlad\u0131. Bakan Vedat I\u015f\u0131khan, mesaj\u0131nda d\u00fcnyada ve T\u00fcrkiye\u2019de eme\u011fin, al\u0131n terinin ve dayan\u0131\u015fman\u0131n simgesi olan bu \u00f6zel g\u00fcn\u00fc kutlad\u0131klar\u0131n\u0131 belirterek, t\u00fcm i\u015f\u00e7i ve emek\u00e7ilere selamlar\u0131n\u0131 iletti. \u00c7al\u0131\u015fma ve Sosyal G\u00fcvenlik Bakan\u0131 Vedat I\u015f\u0131khan, T\u00fcrkiye\u2019de \u00e7al\u0131\u015fanlar\u0131n haklar\u0131n\u0131 g\u00fc\u00e7lendirmeye y\u00f6nelik [&hellip;]<\/p>\n","protected":false},"author":1,"featured_media":8346,"comment_status":"open","ping_status":"open","sticky":false,"template":"","format":"standard","meta":{"footnotes":""},"categories":[4],"tags":[],"class_list":["post-8345","post","type-post","status-publish","format-standard","has-post-thumbnail","hentry","category-gundem"],"_links":{"self":[{"href":"https:\/\/adanapostasi.com\/index.php\/wp-json\/wp\/v2\/posts\/8345","targetHints":{"allow":["GET"]}}],"collection":[{"href":"https:\/\/adanapostasi.com\/index.php\/wp-json\/wp\/v2\/posts"}],"about":[{"href":"https:\/\/adanapostasi.com\/index.php\/wp-json\/wp\/v2\/types\/post"}],"author":[{"embeddable":true,"href":"https:\/\/adanapostasi.com\/index.php\/wp-json\/wp\/v2\/users\/1"}],"replies":[{"embeddable":true,"href":"https:\/\/adanapostasi.com\/index.php\/wp-json\/wp\/v2\/comments?post=8345"}],"version-history":[{"count":0,"href":"https:\/\/adanapostasi.com\/index.php\/wp-json\/wp\/v2\/posts\/8345\/revisions"}],"wp:featuredmedia":[{"embeddable":true,"href":"https:\/\/adanapostasi.com\/index.php\/wp-json\/wp\/v2\/media\/8346"}],"wp:attachment":[{"href":"https:\/\/adanapostasi.com\/index.php\/wp-json\/wp\/v2\/media?parent=8345"}],"wp:term":[{"taxonomy":"category","embeddable":true,"href":"https:\/\/adanapostasi.com\/index.php\/wp-json\/wp\/v2\/categories?post=8345"},{"taxonomy":"post_tag","embeddable":true,"href":"https:\/\/adanapostasi.com\/index.php\/wp-json\/wp\/v2\/tags?post=8345"}],"curies":[{"name":"wp","href":"https:\/\/api.w.org\/{rel}","templated":true}]}}