{"id":8347,"date":"2026-05-02T10:10:16","date_gmt":"2026-05-02T07:10:16","guid":{"rendered":"https:\/\/adanapostasi.com\/index.php\/2026\/05\/02\/calisanlari-daima-merkeze-aldik\/"},"modified":"2026-05-02T10:10:16","modified_gmt":"2026-05-02T07:10:16","slug":"calisanlari-daima-merkeze-aldik","status":"publish","type":"post","link":"https:\/\/adanapostasi.com\/index.php\/2026\/05\/02\/calisanlari-daima-merkeze-aldik\/","title":{"rendered":"&#8221;\u00c7al\u0131\u015fanlar\u0131 daima merkeze ald\u0131k&#8221;"},"content":{"rendered":"<p><\/p>\n<div property=\"articleBody\" id=\"detailcontent\">\n<section datascrollanchor=\"false\" datatestid=\"conversationturn10\" dataturn=\"assistant\" dataturnid=\"requestWEB:e35a115c640d4e3a843ea7e8cf40a4255\" dir=\"auto\">&#13;<\/p>\n<p dataend=\"553\" datastart=\"240\">Cumhurba\u015fkan\u0131 Yard\u0131mc\u0131s\u0131 Cevdet Y\u0131lmaz, 1 May\u0131s Emek ve Dayan\u0131\u015fma G\u00fcn\u00fc dolay\u0131s\u0131yla sosyal  hesab\u0131ndan bir mesaj yay\u0131mlad\u0131. Y\u0131lmaz, \u00e7al\u0131\u015fanlar\u0131n T\u00fcrkiye\u2019nin kalk\u0131nma s\u00fcrecindeki rol\u00fcne dikkat \u00e7ekerek, emek\u00e7ileri \u201ckalk\u0131nma ser\u00fcveninin ba\u015f mimarlar\u0131\u201d olarak tan\u0131mlad\u0131.<\/p>\n<p dataend=\"747\" datastart=\"555\">Mesaj\u0131nda t\u00fcm i\u015f\u00e7i ve emek\u00e7ilerin 1 May\u0131s\u2019\u0131n\u0131 kutlayan Cumhurba\u015fkan\u0131 Yard\u0131mc\u0131s\u0131 Cevdet Y\u0131lmaz, h\u00fck\u00fcmetleri d\u00f6neminde \u00e7al\u0131\u015fanlar\u0131n her zaman \u00f6ncelikli oldu\u011funu belirtti.<\/p>\n<p dataend=\"1008\" dataislastnode=\"\" dataisonlynode=\"\" datastart=\"749\">Cumhurba\u015fkan\u0131 Yard\u0131mc\u0131s\u0131 Cevdet Y\u0131lmaz, \u00e7al\u0131\u015fma hayat\u0131na y\u00f6nelik politikalar\u0131n \u00e7al\u0131\u015fan haklar\u0131n\u0131 g\u00f6zeten, eme\u011fi koruyan ve i\u015f g\u00fcc\u00fcn\u00fc g\u00fc\u00e7lendiren bir anlay\u0131\u015fla \u015fekillendirildi\u011fini ifade ederek, ayn\u0131 yakla\u015f\u0131m\u0131n s\u00fcrd\u00fcr\u00fclece\u011fini vurgulad\u0131.<\/p>\n<\/section>\n<\/div>\n","protected":false},"excerpt":{"rendered":"<p>&#13; Cumhurba\u015fkan\u0131 Yard\u0131mc\u0131s\u0131 Cevdet Y\u0131lmaz, 1 May\u0131s Emek ve Dayan\u0131\u015fma G\u00fcn\u00fc dolay\u0131s\u0131yla sosyal hesab\u0131ndan bir mesaj yay\u0131mlad\u0131. Y\u0131lmaz, \u00e7al\u0131\u015fanlar\u0131n T\u00fcrkiye\u2019nin kalk\u0131nma s\u00fcrecindeki rol\u00fcne dikkat \u00e7ekerek, emek\u00e7ileri \u201ckalk\u0131nma ser\u00fcveninin ba\u015f mimarlar\u0131\u201d olarak tan\u0131mlad\u0131. Mesaj\u0131nda t\u00fcm i\u015f\u00e7i ve emek\u00e7ilerin 1 May\u0131s\u2019\u0131n\u0131 kutlayan Cumhurba\u015fkan\u0131 Yard\u0131mc\u0131s\u0131 Cevdet Y\u0131lmaz, h\u00fck\u00fcmetleri d\u00f6neminde \u00e7al\u0131\u015fanlar\u0131n her zaman \u00f6ncelikli oldu\u011funu belirtti. Cumhurba\u015fkan\u0131 Yard\u0131mc\u0131s\u0131 Cevdet [&hellip;]<\/p>\n","protected":false},"author":1,"featured_media":8348,"comment_status":"open","ping_status":"open","sticky":false,"template":"","format":"standard","meta":{"footnotes":""},"categories":[4],"tags":[],"class_list":["post-8347","post","type-post","status-publish","format-standard","has-post-thumbnail","hentry","category-gundem"],"_links":{"self":[{"href":"https:\/\/adanapostasi.com\/index.php\/wp-json\/wp\/v2\/posts\/8347","targetHints":{"allow":["GET"]}}],"collection":[{"href":"https:\/\/adanapostasi.com\/index.php\/wp-json\/wp\/v2\/posts"}],"about":[{"href":"https:\/\/adanapostasi.com\/index.php\/wp-json\/wp\/v2\/types\/post"}],"author":[{"embeddable":true,"href":"https:\/\/adanapostasi.com\/index.php\/wp-json\/wp\/v2\/users\/1"}],"replies":[{"embeddable":true,"href":"https:\/\/adanapostasi.com\/index.php\/wp-json\/wp\/v2\/comments?post=8347"}],"version-history":[{"count":0,"href":"https:\/\/adanapostasi.com\/index.php\/wp-json\/wp\/v2\/posts\/8347\/revisions"}],"wp:featuredmedia":[{"embeddable":true,"href":"https:\/\/adanapostasi.com\/index.php\/wp-json\/wp\/v2\/media\/8348"}],"wp:attachment":[{"href":"https:\/\/adanapostasi.com\/index.php\/wp-json\/wp\/v2\/media?parent=8347"}],"wp:term":[{"taxonomy":"category","embeddable":true,"href":"https:\/\/adanapostasi.com\/index.php\/wp-json\/wp\/v2\/categories?post=8347"},{"taxonomy":"post_tag","embeddable":true,"href":"https:\/\/adanapostasi.com\/index.php\/wp-json\/wp\/v2\/tags?post=8347"}],"curies":[{"name":"wp","href":"https:\/\/api.w.org\/{rel}","templated":true}]}}